{"id":203,"date":"2009-05-19T18:38:02","date_gmt":"2009-05-19T18:38:02","guid":{"rendered":"http:\/\/fcpolit.unr.edu.ar\/blogs\/redaccion1-reviglio\/2009\/05\/19\/clase-6-del-19-de-mayo\/"},"modified":"2009-05-19T18:38:02","modified_gmt":"2009-05-19T18:38:02","slug":"clase-6-del-19-de-mayo","status":"publish","type":"post","link":"https:\/\/redaccion1.fcpolit.unr.edu.ar\/comision-reviglio\/2009\/05\/19\/clase-6-del-19-de-mayo\/","title":{"rendered":"Clase 6 del 19 de mayo"},"content":{"rendered":"<p><img loading=\"lazy\" decoding=\"async\" alt=\"niebla-dibujo.jpg\" src=\"http:\/\/www.bdp.org.ar\/facultad\/catedras\/comsoc\/redaccion1\/reviglio\/niebla-dibujo.jpg\" width=\"113\" height=\"116\" \/><br \/>\n<em>Por Joaqu\u00edn Fern\u00e1ndez y Manuel Gonz\u00e1lez Sabathi\u00e9 <\/em><br \/>\nUna ma\u00f1ana at\u00edpica en relaci\u00f3n al clima de hoy. Mucha niebla, que hac\u00eda dif\u00edcil la visibilidad a larga distancia en la ciudad pero m\u00e1s acentuada a\u00fan en nuestra querida Siberia. El r\u00edo Paran\u00e1 y la canchita de f\u00fatbol parec\u00edan haber desaparecido. Ninguna sorpresa se llev\u00f3 la comisi\u00f3n al encontrar el aula cerrada y un espacio en el suelo que nos esperaba para relajarnos en la rutinaria pero linda espera de todos los martes.<\/p>\n<p><!--more--><br \/>\nCon Franco Motta en horario comenzamos la sexta clase de Redacci\u00f3n que nos dio la bienvenida con un parcial que, seg\u00fan Cecilia Reviglio, \u201cva a ser s\u00f3lo te\u00f3rico\u201d e incluir\u00e1 los temas de las unidades uno y dos. <strong>La fecha es el 17 de  junio<\/strong>. S\u00ed chicos, a estudiar. Luego vimos los contenidos de los textos fuente que hab\u00eda que leer para la clase pasada y para la de hoy. Repasamos \u201cLas estrategias interactivas y pragm\u00e1ticas\u201d, \u201cActos de habla\u201d, etc, y consultamos algunas dudas sobre los textos.<br \/>\nTiempo despu\u00e9s, analizamos las cartas de lectores que cada uno deb\u00eda que traer para la clase. Para poder tomar un modelo de c\u00f3mo hacerlo, la clase analiz\u00f3 la carta que ley\u00f3 nuestra compa\u00f1era Romina: \u201c\u00bfEsto era el progreso?\u201d A partir de ese ejemplo, fuimos viendo c\u00f3mo aparec\u00edan en el texto los actos de habla. Luego, en grupos de cuatro alumnos nos dispusimos a hacer el an\u00e1lisis de los actos de habla de una carta de lector. A continuaci\u00f3n tratamos las estrategias sem\u00e1nticas y su divisi\u00f3n: por un lado el \u201ctema global\u201d que comprende la macroestructura, y por el otro lado el \u201cformato global\u201d que abarca la superestructura.<br \/>\nPara finalizar la clase en el laboratorio, Cecilia comparti\u00f3 con nosotros un texto \u201cDefensa de la alegr\u00eda\u201d de Mario Benedetti, que nos aconseja como cuidar la alegr\u00eda. En este link se puede leer el poema para quien quiera recordarlo: <a href=\"http:\/\/www.poemas-del-alma.com\/defensa.htm\">http:\/\/www.poemas-del-alma.com\/defensa.htm<\/a>. Nuestra compa\u00f1era Paola tambi\u00e9n ley\u00f3 un poema de Benedetti que hab\u00eda tra\u00eddo a la clase: <a href=\"http:\/\/www.bdp.org.ar\/facultad\/catedras\/comsoc\/redaccion1\/reviglio\/2009\/05\/el_sur_tambien_existe.php#more\">&#8220;El sur tambi\u00e9n existe\u201d<\/a>.<br \/>\nA las diez de la ma\u00f1ana nos cambiamos de sal\u00f3n, a uno de los nuevos, que se encuentra junto a la biblioteca de la facultad. All\u00ed comenz\u00f3 el taller de lectura, con mayor participaci\u00f3n de Franco. En esta parte de la clase hicimos lo de siempre, hablamos de actualidad. Comentamos las noticias m\u00e1s importantes ocurridas a lo largo de la semana. Informamos sobre el fallecimiento del escritor uruguayo Mario Benedetti, el reestablecimiento de los vuelos a M\u00e9xico desde Argentina, la mujer que qued\u00f3 embarazada a los 66 a\u00f1os, Obama a favor del aborto y otras m\u00e1s. Luego de esto, cada uno\/a eligi\u00f3 una noticia sobre la cual escribir y cumplir con el Taller de lectura n\u00famero 5, que esta vez tuvo que tener una extensi\u00f3n de 15 l\u00edneas.<br \/>\nTrabajos para la semana pr\u00f3xima:<br \/>\n<a href=\"http:\/\/www.bdp.org.ar\/facultad\/catedras\/comsoc\/redaccion1\/unidades\/2008\/03\/sin_intencion_de_ofender_a_nad.php\">Trabajo pr\u00e1ctico N\u00aa 5: Sin intenci\u00f2n de ofender a nadie<\/a> (entrega 26\/ 5 por mail)<br \/>\n<a href=\"http:\/\/www.bdp.org.ar\/facultad\/catedras\/comsoc\/redaccion1\/unidades\/2008\/03\/lo_que_haya_que_decir_sobre_el.php\">Trabajo Pr\u00e1ctico N\u00aa6: Lo que haya que decir sobre el asunto<\/a>.(entrega 26\/ 5 por mail)<br \/>\nLecturas para la clase que viene:<br \/>\n<a href=\"http:\/\/www.bdp.org.ar\/facultad\/catedras\/comsoc\/redaccion1\/unidades\/2007\/05\/estrategias_de_produccion_sema.php\">Texto base 11: Estrategias de producci\u00f2n sem\u00e1ntica<\/a><br \/>\nTextos Fuente:<br \/>\n<a href=\"http:\/\/www.bdp.org.ar\/facultad\/catedras\/comsoc\/redaccion1\/unidades\/2008\/03\/alguien_se_burla_de_otro_y_lue.php\">&#8220;Alguien se burla de otro y luego es burlado por \u00e9l&#8221;<\/a>, <a href=\"http:\/\/www.bdp.org.ar\/facultad\/catedras\/comsoc\/redaccion1\/unidades\/2008\/03\/que_son_las_superestructuras.php\">&#8220;\u00bfQu\u00e9 son las superestructuras?&#8221;<\/a>; <a href=\"http:\/\/www.bdp.org.ar\/facultad\/catedras\/comsoc\/redaccion1\/unidades\/2008\/03\/orden_natural.php\">&#8220;Orden natural&#8221;<\/a>; <a href=\"http:\/\/www.bdp.org.ar\/facultad\/catedras\/comsoc\/redaccion1\/unidades\/2008\/03\/reordenamientos.php\">&#8220;Reordenamientos&#8221;<\/a>.<br \/>\n<a href=\"http:\/\/www.bdp.org.ar\/facultad\/catedras\/comsoc\/redaccion1\/unidades\/2007\/05\/estrategias_para_establecer_la.php\">Texto Base 12: Estrategias parea establecer la coherencia local<\/a><br \/>\nTextos Fuente:<br \/>\n<a href=\"http:\/\/www.bdp.org.ar\/facultad\/catedras\/comsoc\/redaccion1\/unidades\/2008\/03\/coherencia_local_definicion.php\">&#8220;Coherencia local: definici\u00f3n&#8221;<\/a>; <a href=\"http:\/\/www.bdp.org.ar\/facultad\/catedras\/comsoc\/redaccion1\/unidades\/2008\/03\/proposiciones_y_mundo_posible.php\">&#8220;Proposiciones y mundo posible&#8221;<\/a>; <a href=\"http:\/\/www.bdp.org.ar\/facultad\/catedras\/comsoc\/redaccion1\/unidades\/2008\/03\/relaciones_causaconsecuencia.php\">&#8220;Relaciones causa-consecunecia&#8221;<\/a>; <a href=\"http:\/\/www.bdp.org.ar\/facultad\/catedras\/comsoc\/redaccion1\/unidades\/2008\/03\/relaciones_motivosacciones.php\">&#8220;Relaciones motivos -acciones&#8221;<\/a>; <a href=\"http:\/\/www.bdp.org.ar\/facultad\/catedras\/comsoc\/redaccion1\/unidades\/2008\/03\/el_fenomeno_de_la_referencia_e.php\">&#8220;El fen\u00f3meno de la referencia en el texto&#8221;<\/a>; <a href=\"http:\/\/www.bdp.org.ar\/facultad\/catedras\/comsoc\/redaccion1\/unidades\/2008\/03\/maneras_de_distribuir_la_infor.php\">&#8220;Maneras de distribuir la informaci\u00f2n&#8221;<\/a>; <a href=\"http:\/\/www.bdp.org.ar\/facultad\/catedras\/comsoc\/redaccion1\/unidades\/2008\/03\/coherencia_y_marcos_de_conocim.php\">&#8220;Coherencia y marcos de conocimiento&#8221;<\/a>; <a href=\"http:\/\/www.bdp.org.ar\/facultad\/catedras\/comsoc\/redaccion1\/unidades\/2008\/06\/el_discurso_como_interaccion_e.php\">&#8220;El discurso como interacci\u00f3n en la sociedad&#8221;<\/a>.<br \/>\nPara cualquier consulta: Joaco236@hotmail.com y Manuchao37@hotmail.com<\/p>\n","protected":false},"excerpt":{"rendered":"<p>Por Joaqu\u00edn Fern\u00e1ndez y Manuel Gonz\u00e1lez Sabathi\u00e9 Una ma\u00f1ana at\u00edpica en relaci\u00f3n al clima de hoy. Mucha niebla, que hac\u00eda dif\u00edcil la visibilidad a larga distancia en la ciudad pero m\u00e1s acentuada a\u00fan en nuestra querida Siberia. El r\u00edo Paran\u00e1 y la canchita de f\u00fatbol parec\u00edan haber desaparecido. Ninguna sorpresa se llev\u00f3 la comisi\u00f3n al [&hellip;]<\/p>\n","protected":false},"author":27,"featured_media":0,"comment_status":"open","ping_status":"closed","sticky":false,"template":"","format":"standard","meta":{"footnotes":""},"categories":[18],"tags":[],"_links":{"self":[{"href":"https:\/\/redaccion1.fcpolit.unr.edu.ar\/comision-reviglio\/wp-json\/wp\/v2\/posts\/203"}],"collection":[{"href":"https:\/\/redaccion1.fcpolit.unr.edu.ar\/comision-reviglio\/wp-json\/wp\/v2\/posts"}],"about":[{"href":"https:\/\/redaccion1.fcpolit.unr.edu.ar\/comision-reviglio\/wp-json\/wp\/v2\/types\/post"}],"author":[{"embeddable":true,"href":"https:\/\/redaccion1.fcpolit.unr.edu.ar\/comision-reviglio\/wp-json\/wp\/v2\/users\/27"}],"replies":[{"embeddable":true,"href":"https:\/\/redaccion1.fcpolit.unr.edu.ar\/comision-reviglio\/wp-json\/wp\/v2\/comments?post=203"}],"version-history":[{"count":0,"href":"https:\/\/redaccion1.fcpolit.unr.edu.ar\/comision-reviglio\/wp-json\/wp\/v2\/posts\/203\/revisions"}],"wp:attachment":[{"href":"https:\/\/redaccion1.fcpolit.unr.edu.ar\/comision-reviglio\/wp-json\/wp\/v2\/media?parent=203"}],"wp:term":[{"taxonomy":"category","embeddable":true,"href":"https:\/\/redaccion1.fcpolit.unr.edu.ar\/comision-reviglio\/wp-json\/wp\/v2\/categories?post=203"},{"taxonomy":"post_tag","embeddable":true,"href":"https:\/\/redaccion1.fcpolit.unr.edu.ar\/comision-reviglio\/wp-json\/wp\/v2\/tags?post=203"}],"curies":[{"name":"wp","href":"https:\/\/api.w.org\/{rel}","templated":true}]}}