{"id":2029,"date":"2022-03-23T18:32:51","date_gmt":"2022-03-23T18:32:51","guid":{"rendered":"http:\/\/blogs-fcpolit.unr.edu.ar\/redaccion1-reviglio\/?p=2029"},"modified":"2022-03-23T18:32:51","modified_gmt":"2022-03-23T18:32:51","slug":"resumen-de-la-clase-2-22-de-marzo","status":"publish","type":"post","link":"https:\/\/redaccion1.fcpolit.unr.edu.ar\/comision-reviglio\/2022\/03\/23\/resumen-de-la-clase-2-22-de-marzo\/","title":{"rendered":"Resumen de la clase 2 &#8211; 22 de marzo"},"content":{"rendered":"<p><em>Por Delfina Eckart<\/em><\/p>\n<p>\u00a1Buenas buenas! Ayer llegu\u00e9 a la clase unos minutos tarde y me encontr\u00e9 con una gran lluvia de ideas dibujada en el pizarr\u00f3n por Cecilia. Tambi\u00e9n v\u00ed muchas manos levantadas que esperaban su turno para comentar, sumar, participar. Se ve que el mundo de la escritura para la comunicaci\u00f3n despert\u00f3 m\u00e1s que entusiasmo en el grupo. \u00a1Cu\u00e1nto nos alegra! <!--more--><\/p>\n<p>Durante gran parte de la clase conversamos sobre tres textos de lectura obligatoria: \u201cLos procesos de escritura. Abordaje Comunicacional\u201d de Mar\u00eda Antonia Teodosio, \u201cLa escritura digital\u201d de Javier D\u00edaz Noci, y Met\u00e1fora de la primicia de Adriana Amado. Quienes no hayan podido leerlos, todav\u00eda est\u00e1n super a tiempo. Luego, pas\u00e9 a compartirles los <a href=\"https:\/\/blogs-fcpolit.unr.edu.ar\/redaccion1-reviglio\/2022\/03\/23\/regalo-textual-2-dos-textos-de-eduardo-galeano\/\" rel=\"noopener\" target=\"_blank\">regalos textuales de Eduardo Galeano<\/a> en relaci\u00f3n a su oficio de escritor: \u201cSilencio por favor\u201d y \u201cPor qu\u00e9 escribo\u201d:<\/p>\n<p>Antes de irnos, tres compa\u00f1eros compartieron sus textos de presentaci\u00f3n donde conocimos sus expectativas en relaci\u00f3n a la materia y la carrera, algo de sus v\u00ednculos con la lectura y la escritura, y qu\u00e9 cosas les apasionan. La profe Cecilia aprovech\u00f3 estas lecturas para revisar y explicar cuestiones de puntuaci\u00f3n y ortograf\u00eda que son b\u00e1sicas para comenzar a trabajar en todo lo que se viene.<\/p>\n<p>Adem\u00e1s, comentamos que la pr\u00f3xima clase haremos el primer taller de lectura de noticias. As\u00ed que los invitamos a leer noticias durante toda la semana. Puede ser en los portales que usualmente consumen o pueden aprovechar la volada para sumar alguno nuevo. La idea es que podamos conversar y debatir sobre qu\u00e9 noticias se destacaron, qu\u00e9 temas est\u00e1n en agenda, discriminar informaci\u00f3n de opini\u00f3n y c\u00f3mo se establece el inter\u00e9s period\u00edstico. No es necesario producir nada, simplemente emprender lecturas con mirada cr\u00edtica.<\/p>\n<p>En cuanto a los textos te\u00f3ricos, deber\u00e1n leer:<br \/>\n \u00ab<a href=\"https:\/\/drive.google.com\/file\/d\/1yOdkBE-Gt_EeVLn-4xzMp-WCaCliNxkT\/view\" rel=\"noopener\" target=\"_blank\">La caja de herramientas<\/a>\u00bb de Stephen King<br \/>\n \u00ab<a href=\"https:\/\/drive.google.com\/file\/d\/1Qkhc_DgYV-X0kkI9sOAXi9dtltSuX2mc\/view?usp=sharing\" rel=\"noopener\" target=\"_blank\">Leer como un escritor<\/a>\u00bb, \u00ab<a href=\"https:\/\/drive.google.com\/file\/d\/1IKZ7I_yrQj5demq0qrmOJsfRGx1i_N1c\/view?usp=sharing\" rel=\"noopener\" target=\"_blank\">Las prosas de escritor y de lector<\/a>\u00bb, \u00ab<a href=\"https:\/\/drive.google.com\/file\/d\/1hE49KX_ncJUBZEwdBWKumta2MPk8d6Jy\/view?usp=sharing\" rel=\"noopener\" target=\"_blank\">Escribir sin prejuicios ni supersticiones<\/a>\u00bb de  Daniel Cassany.<br \/>\n\u00ab<a href=\"https:\/\/drive.google.com\/file\/d\/1l03-ifZ3KpTGJvB2BVMKjPJrYChK8RXl\/view?usp=sharing\" rel=\"noopener\" target=\"_blank\">Estrategias de composici\u00f3n<\/a>\u00bb de Analia Reale.<\/p>\n<p>\u00bfTienen alguna duda? \u00a1Siempre pueden consultar! Nos vemos para seguir compartiendo\u2026<\/p>\n","protected":false},"excerpt":{"rendered":"<p>Por Delfina Eckart \u00a1Buenas buenas! Ayer llegu\u00e9 a la clase unos minutos tarde y me encontr\u00e9 con una gran lluvia de ideas dibujada en el pizarr\u00f3n por Cecilia. Tambi\u00e9n v\u00ed muchas manos levantadas que esperaban su turno para comentar, sumar, participar. Se ve que el mundo de la escritura para la comunicaci\u00f3n despert\u00f3 m\u00e1s que [&hellip;]<\/p>\n","protected":false},"author":17,"featured_media":0,"comment_status":"open","ping_status":"open","sticky":false,"template":"","format":"standard","meta":{"footnotes":""},"categories":[9,18,32],"tags":[],"_links":{"self":[{"href":"https:\/\/redaccion1.fcpolit.unr.edu.ar\/comision-reviglio\/wp-json\/wp\/v2\/posts\/2029"}],"collection":[{"href":"https:\/\/redaccion1.fcpolit.unr.edu.ar\/comision-reviglio\/wp-json\/wp\/v2\/posts"}],"about":[{"href":"https:\/\/redaccion1.fcpolit.unr.edu.ar\/comision-reviglio\/wp-json\/wp\/v2\/types\/post"}],"author":[{"embeddable":true,"href":"https:\/\/redaccion1.fcpolit.unr.edu.ar\/comision-reviglio\/wp-json\/wp\/v2\/users\/17"}],"replies":[{"embeddable":true,"href":"https:\/\/redaccion1.fcpolit.unr.edu.ar\/comision-reviglio\/wp-json\/wp\/v2\/comments?post=2029"}],"version-history":[{"count":0,"href":"https:\/\/redaccion1.fcpolit.unr.edu.ar\/comision-reviglio\/wp-json\/wp\/v2\/posts\/2029\/revisions"}],"wp:attachment":[{"href":"https:\/\/redaccion1.fcpolit.unr.edu.ar\/comision-reviglio\/wp-json\/wp\/v2\/media?parent=2029"}],"wp:term":[{"taxonomy":"category","embeddable":true,"href":"https:\/\/redaccion1.fcpolit.unr.edu.ar\/comision-reviglio\/wp-json\/wp\/v2\/categories?post=2029"},{"taxonomy":"post_tag","embeddable":true,"href":"https:\/\/redaccion1.fcpolit.unr.edu.ar\/comision-reviglio\/wp-json\/wp\/v2\/tags?post=2029"}],"curies":[{"name":"wp","href":"https:\/\/api.w.org\/{rel}","templated":true}]}}