{"id":2025,"date":"2022-03-23T13:55:06","date_gmt":"2022-03-23T13:55:06","guid":{"rendered":"http:\/\/blogs-fcpolit.unr.edu.ar\/redaccion1-reviglio\/?p=2025"},"modified":"2022-03-23T13:55:06","modified_gmt":"2022-03-23T13:55:06","slug":"regalo-textual-2-dos-textos-de-eduardo-galeano","status":"publish","type":"post","link":"https:\/\/redaccion1.fcpolit.unr.edu.ar\/comision-reviglio\/2022\/03\/23\/regalo-textual-2-dos-textos-de-eduardo-galeano\/","title":{"rendered":"Regalo textual 2: Dos textos de Eduardo Galeano"},"content":{"rendered":"<p><a href=\"https:\/\/blogs.fcpolit.unr.edu.ar\/redaccion1-reviglio\/files\/2022\/03\/EduardoGaleano.jpg\"><img loading=\"lazy\" decoding=\"async\" src=\"https:\/\/blogs.fcpolit.unr.edu.ar\/redaccion1-reviglio\/files\/2022\/03\/EduardoGaleano-300x184.jpg\" alt=\"\" width=\"300\" height=\"184\" class=\"alignleft size-medium wp-image-2026\" \/><\/a>Esta semana, Delfina nos trajo de regalo dos hermosos y breves textos del escritor uruguayo Eduardo Galeano.<br \/>\n<!--more--><\/p>\n<p><strong>\u00bfPor qu\u00e9 escribo?<\/strong><br \/>\n<em>Eduardo Galeano<\/em><\/p>\n<p>Por qu\u00e9, no s\u00e9.<br \/>\nPero en tren de buscar explicaciones, podr\u00eda decir que escribo<br \/>\nporque mi tendencia al pecado me impidi\u00f3 ser santo,<br \/>\nporque en el f\u00fatbol siempre fui un patadura,<br \/>\nporque hay historias que merecen ser contagiadas,<br \/>\nporque me divierte desenterrar tesoros escondidos,<br \/>\nporque me duele el dolor ajeno,<br \/>\nporque me goza el ajeno placer,<br \/>\nporque escribiendo devuelvo a los dem\u00e1s lo que de ellos viene,<br \/>\nporque escribiendo juego a saltar el abismo que separa el deseo y el mundo,<br \/>\nporque escribiendo juego a creer que puedo decir lo que quiero decir,<br \/>\nporque escribiendo comparto alegr\u00edas, melancol\u00edas, descubrimientos, deslumbramientos,<br \/>\nporque de Sherezade aprend\u00ed que hay historias que valen un d\u00eda m\u00e1s de vida,<br \/>\nporque de Onetti aprend\u00ed a buscar palabras mejores que el silencio,<br \/>\nporque soy caminante, y cada palabra es un nuevo viaje que empieza.<br \/>\nporque as\u00ed hablo al o\u00eddo de amigas y amigos que no conozco<br \/>\ny en ellas y en ellos me reconozco,<br \/>\ny porque siendo, como soy, un in\u00fatil total, no puedo hacer otra cosa.<\/p>\n<p><strong>Silencio, por favor<\/strong><br \/>\n<em>Eduardo Galeano<\/em><br \/>\n<a href=\"https:\/\/blogs.fcpolit.unr.edu.ar\/redaccion1-reviglio\/files\/2022\/03\/Onetti.jpg\"><img loading=\"lazy\" decoding=\"async\" src=\"https:\/\/blogs.fcpolit.unr.edu.ar\/redaccion1-reviglio\/files\/2022\/03\/Onetti.jpg\" alt=\"\" width=\"184\" height=\"273\" class=\"alignleft size-full wp-image-2027\" \/><\/a>Mucho aprend\u00ed de Juan Carlos Onetti, el narrador uruguayo, cuando yo me estaba iniciando en el oficio. \u00c9l me ense\u00f1aba, cara al techo, fumando. Me ense\u00f1aba con silencios o mentiras, porque disfrutaba dando prestigio a sus palabras, las pocas que dec\u00eda, atribuy\u00e9ndolas a muy antiguas civilizaciones. Una de esas noches calladas, puchos y vino de cirrosis instant\u00e1nea, el maestro estaba, como siempre, acostado, y yo sentado al lado, y el tiempo pasaba sin hacernos el menor caso. Y en eso est\u00e1bamos cuando Onetti me dijo que un proverbio chino dec\u00eda:<br \/>\n&#8211; Las \u00fanicas palabras que merecen existir son las palabras mejores que el silencio.<br \/>\nSospecho que el proverbio no era chino, pero nunca lo olvid\u00e9. Y tampoco olvid\u00e9 lo que me cont\u00f3 una nieta de Gandhi, que a\u00f1os despu\u00e9s estuvo de visita en Montevideo. Nos encontramos en mi caf\u00e9, El Brasilero, y all\u00ed, evocando su infancia, me cont\u00f3 que el abuelo le hab\u00eda ense\u00f1ado el ayuno de palabras: un d\u00eda a la semana, Gandhi no escuchaba ni dec\u00eda. Nada de nada. Al d\u00eda siguiente, las palabras sonaban de otra manera. El silencio, que dice callando, ense\u00f1a a decir.<\/p>\n","protected":false},"excerpt":{"rendered":"<p>Esta semana, Delfina nos trajo de regalo dos hermosos y breves textos del escritor uruguayo Eduardo Galeano.<\/p>\n","protected":false},"author":17,"featured_media":0,"comment_status":"open","ping_status":"open","sticky":false,"template":"","format":"standard","meta":{"footnotes":""},"categories":[9,29],"tags":[],"_links":{"self":[{"href":"https:\/\/redaccion1.fcpolit.unr.edu.ar\/comision-reviglio\/wp-json\/wp\/v2\/posts\/2025"}],"collection":[{"href":"https:\/\/redaccion1.fcpolit.unr.edu.ar\/comision-reviglio\/wp-json\/wp\/v2\/posts"}],"about":[{"href":"https:\/\/redaccion1.fcpolit.unr.edu.ar\/comision-reviglio\/wp-json\/wp\/v2\/types\/post"}],"author":[{"embeddable":true,"href":"https:\/\/redaccion1.fcpolit.unr.edu.ar\/comision-reviglio\/wp-json\/wp\/v2\/users\/17"}],"replies":[{"embeddable":true,"href":"https:\/\/redaccion1.fcpolit.unr.edu.ar\/comision-reviglio\/wp-json\/wp\/v2\/comments?post=2025"}],"version-history":[{"count":0,"href":"https:\/\/redaccion1.fcpolit.unr.edu.ar\/comision-reviglio\/wp-json\/wp\/v2\/posts\/2025\/revisions"}],"wp:attachment":[{"href":"https:\/\/redaccion1.fcpolit.unr.edu.ar\/comision-reviglio\/wp-json\/wp\/v2\/media?parent=2025"}],"wp:term":[{"taxonomy":"category","embeddable":true,"href":"https:\/\/redaccion1.fcpolit.unr.edu.ar\/comision-reviglio\/wp-json\/wp\/v2\/categories?post=2025"},{"taxonomy":"post_tag","embeddable":true,"href":"https:\/\/redaccion1.fcpolit.unr.edu.ar\/comision-reviglio\/wp-json\/wp\/v2\/tags?post=2025"}],"curies":[{"name":"wp","href":"https:\/\/api.w.org\/{rel}","templated":true}]}}