{"id":196,"date":"2009-04-30T10:22:36","date_gmt":"2009-04-30T10:22:36","guid":{"rendered":"http:\/\/fcpolit.unr.edu.ar\/blogs\/redaccion1-reviglio\/2009\/04\/30\/aclaracion-sobre-trabajo-practico-3\/"},"modified":"2009-04-30T10:22:36","modified_gmt":"2009-04-30T10:22:36","slug":"aclaracion-sobre-trabajo-practico-3","status":"publish","type":"post","link":"https:\/\/redaccion1.fcpolit.unr.edu.ar\/comision-reviglio\/2009\/04\/30\/aclaracion-sobre-trabajo-practico-3\/","title":{"rendered":"Aclaraci\u00f3n Sobre Trabajo Pr\u00e1ctico 3"},"content":{"rendered":"<p>El Trabajo Pr\u00e1ctico &#8220;<a href=\"http:\/\/www.bdp.org.ar\/facultad\/catedras\/comsoc\/redaccion1\/unidades\/2007\/05\/planificacion_borradores_y_red.php\">Planificaci\u00f3n, borradores y redacci\u00f3n<\/a>&#8221; se realizar\u00e1 en dos etapas, ya que tendremos una semana sin clases.<\/p>\n<p><!--more--><br \/>\nS\u00f3lo se aceptar\u00e1n los trabajos que se entreguen seg\u00fan la siguiente din\u00e1mica:<br \/>\n\u2022\t<strong>Mi\u00e9rcoles 6 de mayo<\/strong>: Propuesta de tema, medio y p\u00fablico para la nota. Lista de ideas, Racimo y mapa de ideas<br \/>\n\u2022\t<strong>Lunes 11 de mayo<\/strong>: Texto definitivo.<br \/>\nYo har\u00e9 a cada uno, una devoluci\u00f3n de la planificaci\u00f3n para que puedan avanzar con el texto definitivo.<br \/>\nNo olviden que la experiencia trabajada en clase con la actividad \u201cIngreso a la facultad\u201d es una gran ayuda, al igual que los textos base &#8220;<a href=\"http:\/\/www.bdp.org.ar\/facultad\/catedras\/comsoc\/redaccion1\/unidades\/2003\/04\/importancia_de_la_etapa_de_pla.php\">Importancia de la etapa de planificaci\u00f2n en la escritura<\/a>&#8221; y &#8220;<a href=\"http:\/\/www.bdp.org.ar\/facultad\/catedras\/comsoc\/redaccion1\/unidades\/2003\/05\/los_borradores_testigos_de_la.php\">Los borradores, testigos de recursividad  del proceso de escritura<\/a>&#8221;<br \/>\nTodas las entregas deber\u00e1n hacerse v\u00eda correo electr\u00f3nico al mail de la profesora.<\/p>\n","protected":false},"excerpt":{"rendered":"<p>El Trabajo Pr\u00e1ctico &#8220;Planificaci\u00f3n, borradores y redacci\u00f3n&#8221; se realizar\u00e1 en dos etapas, ya que tendremos una semana sin clases.<\/p>\n","protected":false},"author":27,"featured_media":0,"comment_status":"open","ping_status":"closed","sticky":false,"template":"","format":"standard","meta":{"footnotes":""},"categories":[39],"tags":[],"_links":{"self":[{"href":"https:\/\/redaccion1.fcpolit.unr.edu.ar\/comision-reviglio\/wp-json\/wp\/v2\/posts\/196"}],"collection":[{"href":"https:\/\/redaccion1.fcpolit.unr.edu.ar\/comision-reviglio\/wp-json\/wp\/v2\/posts"}],"about":[{"href":"https:\/\/redaccion1.fcpolit.unr.edu.ar\/comision-reviglio\/wp-json\/wp\/v2\/types\/post"}],"author":[{"embeddable":true,"href":"https:\/\/redaccion1.fcpolit.unr.edu.ar\/comision-reviglio\/wp-json\/wp\/v2\/users\/27"}],"replies":[{"embeddable":true,"href":"https:\/\/redaccion1.fcpolit.unr.edu.ar\/comision-reviglio\/wp-json\/wp\/v2\/comments?post=196"}],"version-history":[{"count":0,"href":"https:\/\/redaccion1.fcpolit.unr.edu.ar\/comision-reviglio\/wp-json\/wp\/v2\/posts\/196\/revisions"}],"wp:attachment":[{"href":"https:\/\/redaccion1.fcpolit.unr.edu.ar\/comision-reviglio\/wp-json\/wp\/v2\/media?parent=196"}],"wp:term":[{"taxonomy":"category","embeddable":true,"href":"https:\/\/redaccion1.fcpolit.unr.edu.ar\/comision-reviglio\/wp-json\/wp\/v2\/categories?post=196"},{"taxonomy":"post_tag","embeddable":true,"href":"https:\/\/redaccion1.fcpolit.unr.edu.ar\/comision-reviglio\/wp-json\/wp\/v2\/tags?post=196"}],"curies":[{"name":"wp","href":"https:\/\/api.w.org\/{rel}","templated":true}]}}