{"id":1958,"date":"2021-10-20T14:33:10","date_gmt":"2021-10-20T14:33:10","guid":{"rendered":"http:\/\/blogs-fcpolit.unr.edu.ar\/redaccion1-reviglio\/?p=1958"},"modified":"2021-10-20T14:33:10","modified_gmt":"2021-10-20T14:33:10","slug":"lecturas-para-la-clase-del-26-10","status":"publish","type":"post","link":"https:\/\/redaccion1.fcpolit.unr.edu.ar\/comision-reviglio\/2021\/10\/20\/lecturas-para-la-clase-del-26-10\/","title":{"rendered":"Lecturas para la clase del 26\/10"},"content":{"rendered":"<p>La semana que viene comenzaremos a trabajar en e\u00f1 \u00faltimo tema del a\u00f1o: los textos argumentativos.<br \/>\nLes dejo a continuaci\u00f2n, las lecturas para esa clase:<!--more--><\/p>\n<p><a href=\"https:\/\/blogs-fcpolit.unr.edu.ar\/programa\/2020\/07\/29\/unidad-4-4-textos-argumentativos\/\" rel=\"noopener\" target=\"_blank\">Texto articulador<\/a><br \/>\n<a href=\"https:\/\/drive.google.com\/file\/d\/1fmyq_QbMyBnyc0pbEvpQrWzvDTOw-ed4\/view\" rel=\"noopener\" target=\"_blank\">Argumentaci\u00f3n y argumento<\/a>, de Carrillo Guerrero, L\u00e1zaro<br \/>\n<a href=\"https:\/\/drive.google.com\/file\/d\/10ZXd5LYQCZswmp5hqNRQKrlSWU8xoNSb\/view\" rel=\"noopener\" target=\"_blank\">Argumentaci\u00f3n y periodismo de opini\u00f3n I<\/a>, de Mayol, Mauricio<br \/>\n<a href=\"https:\/\/drive.google.com\/file\/d\/1Rhe0k6X-UnnCZ8JbSJhv_tL2ATyRxRcT\/view\" rel=\"noopener\" target=\"_blank\">Los modos de organizaci\u00f3n del discurso: la argumentaci\u00f3n<\/a>, de Calsamiglia, Helena y Tus\u00f3n, Amparo.<\/p>\n","protected":false},"excerpt":{"rendered":"<p>La semana que viene comenzaremos a trabajar en e\u00f1 \u00faltimo tema del a\u00f1o: los textos argumentativos. Les dejo a continuaci\u00f2n, las lecturas para esa clase:<\/p>\n","protected":false},"author":17,"featured_media":0,"comment_status":"open","ping_status":"open","sticky":false,"template":"","format":"standard","meta":{"footnotes":""},"categories":[8,27],"tags":[],"_links":{"self":[{"href":"https:\/\/redaccion1.fcpolit.unr.edu.ar\/comision-reviglio\/wp-json\/wp\/v2\/posts\/1958"}],"collection":[{"href":"https:\/\/redaccion1.fcpolit.unr.edu.ar\/comision-reviglio\/wp-json\/wp\/v2\/posts"}],"about":[{"href":"https:\/\/redaccion1.fcpolit.unr.edu.ar\/comision-reviglio\/wp-json\/wp\/v2\/types\/post"}],"author":[{"embeddable":true,"href":"https:\/\/redaccion1.fcpolit.unr.edu.ar\/comision-reviglio\/wp-json\/wp\/v2\/users\/17"}],"replies":[{"embeddable":true,"href":"https:\/\/redaccion1.fcpolit.unr.edu.ar\/comision-reviglio\/wp-json\/wp\/v2\/comments?post=1958"}],"version-history":[{"count":0,"href":"https:\/\/redaccion1.fcpolit.unr.edu.ar\/comision-reviglio\/wp-json\/wp\/v2\/posts\/1958\/revisions"}],"wp:attachment":[{"href":"https:\/\/redaccion1.fcpolit.unr.edu.ar\/comision-reviglio\/wp-json\/wp\/v2\/media?parent=1958"}],"wp:term":[{"taxonomy":"category","embeddable":true,"href":"https:\/\/redaccion1.fcpolit.unr.edu.ar\/comision-reviglio\/wp-json\/wp\/v2\/categories?post=1958"},{"taxonomy":"post_tag","embeddable":true,"href":"https:\/\/redaccion1.fcpolit.unr.edu.ar\/comision-reviglio\/wp-json\/wp\/v2\/tags?post=1958"}],"curies":[{"name":"wp","href":"https:\/\/api.w.org\/{rel}","templated":true}]}}