{"id":1929,"date":"2021-09-28T14:58:00","date_gmt":"2021-09-28T14:58:00","guid":{"rendered":"http:\/\/blogs-fcpolit.unr.edu.ar\/redaccion1-reviglio\/?p=1929"},"modified":"2021-09-28T14:58:00","modified_gmt":"2021-09-28T14:58:00","slug":"cronograma-del-resto-del-ano","status":"publish","type":"post","link":"https:\/\/redaccion1.fcpolit.unr.edu.ar\/comision-reviglio\/2021\/09\/28\/cronograma-del-resto-del-ano\/","title":{"rendered":"Cronograma del resto del a\u00f1o"},"content":{"rendered":"<p><a href=\"https:\/\/blogs.fcpolit.unr.edu.ar\/redaccion1-reviglio\/files\/2021\/09\/Almanaques.jpg\"><img loading=\"lazy\" decoding=\"async\" src=\"https:\/\/blogs.fcpolit.unr.edu.ar\/redaccion1-reviglio\/files\/2021\/09\/Almanaques-300x131.jpg\" alt=\"\" width=\"300\" height=\"131\" class=\"alignleft size-medium wp-image-1930\" \/><\/a><br \/>\nA continuaci\u00f3n, encontrar\u00e1n el cronograma propuesto para el resto del a\u00f1o:<!--more--><\/p>\n<p><strong>5\/10<\/strong>: <a href=\"https:\/\/blogs-fcpolit.unr.edu.ar\/programa\/2020\/07\/29\/unidad-4-3-narracion-y-generos-periodisticos\/\" rel=\"noopener\" target=\"_blank\">Tema: Narrativa 1 \u2013 general<\/a><br \/>\n<a href=\"https:\/\/blogs-fcpolit.unr.edu.ar\/redaccion1-reviglio\/2021\/09\/28\/trabajo-practico-no-4-cuatro-pasos-para-transformar-una-entrevista-en-una-noticia-directa\/\" rel=\"noopener\" target=\"_blank\"> Entrega del TP4 (entrevista)<\/a><\/p>\n<p><strong>12\/10<\/strong>: Tema: Narrativa 2 &#8211; Noticia<\/p>\n<p><strong>19\/10:<\/strong> (Clase presencial) Tema: Narrativa 3 \u2013 Cr\u00f3nica<br \/>\nEntrega: <a href=\"https:\/\/blogs-fcpolit.unr.edu.ar\/programa\/2020\/07\/29\/trabajo-practico-unidad-4-2-textos-conversacionales\/\" rel=\"noopener\" target=\"_blank\">TP Integrador 4.2 (entrevista)<\/a><\/p>\n<p><strong>26\/10:<\/strong> Tema: <a href=\"https:\/\/blogs-fcpolit.unr.edu.ar\/programa\/2020\/07\/29\/unidad-4-4-textos-argumentativos\/\" rel=\"noopener\" target=\"_blank\">Argumentaci\u00f3n 1<\/a><br \/>\nEntrega: TP5 (narrativa)<\/p>\n<p><strong>2\/11:<\/strong> Tema: Argumentaci\u00f3n 2<br \/>\nEntrega: Borrador texto narrativo del TPF<\/p>\n<p><strong>9\/11:  SIN CLASES<\/strong><br \/>\nEntrega: Borrador texto de la entrevista del TPF<\/p>\n<p><strong>16\/11:<\/strong> (Clase presencial) Tema: Argumentaci\u00f3n (actividad en clase)<br \/>\nRealizaci\u00f3n en clase de forma oral: TP6 oral<br \/>\nEntrega:<a href=\"https:\/\/blogs-fcpolit.unr.edu.ar\/programa\/2020\/08\/03\/trabajo-practico-unidad-4-narrar-y-opinar\/\" rel=\"noopener\" target=\"_blank\"> TP Integrador  4.3.4 <\/a><\/p>\n<p><strong>23\/11:<\/strong>\tClase de cierre \/ consulta<br \/>\nEntrega: Borrador texto argumentativo del TPF<\/p>\n<p><strong>30\/11:\tEntrega <a href=\"https:\/\/blogs-fcpolit.unr.edu.ar\/programa\/2020\/08\/27\/trabajo-practico-final-alistando-motores\/\" rel=\"noopener\" target=\"_blank\">Trabajo Pr\u00e1ctico Final<\/a> (completo)\t<\/strong><\/p>\n","protected":false},"excerpt":{"rendered":"<p>A continuaci\u00f3n, encontrar\u00e1n el cronograma propuesto para el resto del a\u00f1o:<\/p>\n","protected":false},"author":17,"featured_media":0,"comment_status":"open","ping_status":"open","sticky":false,"template":"","format":"standard","meta":{"footnotes":""},"categories":[8,20],"tags":[],"_links":{"self":[{"href":"https:\/\/redaccion1.fcpolit.unr.edu.ar\/comision-reviglio\/wp-json\/wp\/v2\/posts\/1929"}],"collection":[{"href":"https:\/\/redaccion1.fcpolit.unr.edu.ar\/comision-reviglio\/wp-json\/wp\/v2\/posts"}],"about":[{"href":"https:\/\/redaccion1.fcpolit.unr.edu.ar\/comision-reviglio\/wp-json\/wp\/v2\/types\/post"}],"author":[{"embeddable":true,"href":"https:\/\/redaccion1.fcpolit.unr.edu.ar\/comision-reviglio\/wp-json\/wp\/v2\/users\/17"}],"replies":[{"embeddable":true,"href":"https:\/\/redaccion1.fcpolit.unr.edu.ar\/comision-reviglio\/wp-json\/wp\/v2\/comments?post=1929"}],"version-history":[{"count":0,"href":"https:\/\/redaccion1.fcpolit.unr.edu.ar\/comision-reviglio\/wp-json\/wp\/v2\/posts\/1929\/revisions"}],"wp:attachment":[{"href":"https:\/\/redaccion1.fcpolit.unr.edu.ar\/comision-reviglio\/wp-json\/wp\/v2\/media?parent=1929"}],"wp:term":[{"taxonomy":"category","embeddable":true,"href":"https:\/\/redaccion1.fcpolit.unr.edu.ar\/comision-reviglio\/wp-json\/wp\/v2\/categories?post=1929"},{"taxonomy":"post_tag","embeddable":true,"href":"https:\/\/redaccion1.fcpolit.unr.edu.ar\/comision-reviglio\/wp-json\/wp\/v2\/tags?post=1929"}],"curies":[{"name":"wp","href":"https:\/\/api.w.org\/{rel}","templated":true}]}}