{"id":192,"date":"2009-04-06T22:25:32","date_gmt":"2009-04-06T22:25:32","guid":{"rendered":"http:\/\/fcpolit.unr.edu.ar\/blogs\/redaccion1-reviglio\/2009\/04\/06\/trabajo-practico-no-1-lectura-de-escritor\/"},"modified":"2009-04-06T22:25:32","modified_gmt":"2009-04-06T22:25:32","slug":"trabajo-practico-no-1-lectura-de-escritor","status":"publish","type":"post","link":"https:\/\/redaccion1.fcpolit.unr.edu.ar\/comision-reviglio\/2009\/04\/06\/trabajo-practico-no-1-lectura-de-escritor\/","title":{"rendered":"Trabajo Pr\u00e1ctico N\u00ba 1: Lectura de escritor"},"content":{"rendered":"<p><img loading=\"lazy\" decoding=\"async\" alt=\"libreta%20notas.jpg\" src=\"http:\/\/www.bdp.org.ar\/facultad\/catedras\/comsoc\/redaccion1\/reviglio\/libreta%20notas.jpg\" width=\"95\" height=\"95\" \/><br \/>\n1.- Eleg\u00ed dos diarios de tirada nacional en sus ediciones impresas del mismo d\u00eda.<br \/>\n2.- Eleg\u00ed un tema de importancia que est\u00e9 presente en ambas publicaciones. Realiz\u00e1 una lectura de escritor de todas las notas publicadas relacionadas con el tema elegido.<\/p>\n<p><!--more--><br \/>\n3.- Redact\u00e1 un texto con las conclusiones que saques de esa primera lectura de escritor: c\u00f3mo realizaste la lectura, a qu\u00e9 elementos prestaste mayor atenci\u00f3n, qu\u00e9 aprendiste de los modos de organizaci\u00f3n de los textos noticiosos a partir de los materiales le\u00eddos, qu\u00e9 tipo de lenguaje se utiliza, en fin, todo lo que hayas observado en tu proceso de aprendizaje comprometido.<br \/>\nFecha de entrega: Jueves 16 de abril por mail al correo: ceciliareviglio@arnet.com.ar<\/p>\n","protected":false},"excerpt":{"rendered":"<p>1.- Eleg\u00ed dos diarios de tirada nacional en sus ediciones impresas del mismo d\u00eda. 2.- Eleg\u00ed un tema de importancia que est\u00e9 presente en ambas publicaciones. Realiz\u00e1 una lectura de escritor de todas las notas publicadas relacionadas con el tema elegido.<\/p>\n","protected":false},"author":27,"featured_media":0,"comment_status":"open","ping_status":"closed","sticky":false,"template":"","format":"standard","meta":{"footnotes":""},"categories":[39],"tags":[],"_links":{"self":[{"href":"https:\/\/redaccion1.fcpolit.unr.edu.ar\/comision-reviglio\/wp-json\/wp\/v2\/posts\/192"}],"collection":[{"href":"https:\/\/redaccion1.fcpolit.unr.edu.ar\/comision-reviglio\/wp-json\/wp\/v2\/posts"}],"about":[{"href":"https:\/\/redaccion1.fcpolit.unr.edu.ar\/comision-reviglio\/wp-json\/wp\/v2\/types\/post"}],"author":[{"embeddable":true,"href":"https:\/\/redaccion1.fcpolit.unr.edu.ar\/comision-reviglio\/wp-json\/wp\/v2\/users\/27"}],"replies":[{"embeddable":true,"href":"https:\/\/redaccion1.fcpolit.unr.edu.ar\/comision-reviglio\/wp-json\/wp\/v2\/comments?post=192"}],"version-history":[{"count":0,"href":"https:\/\/redaccion1.fcpolit.unr.edu.ar\/comision-reviglio\/wp-json\/wp\/v2\/posts\/192\/revisions"}],"wp:attachment":[{"href":"https:\/\/redaccion1.fcpolit.unr.edu.ar\/comision-reviglio\/wp-json\/wp\/v2\/media?parent=192"}],"wp:term":[{"taxonomy":"category","embeddable":true,"href":"https:\/\/redaccion1.fcpolit.unr.edu.ar\/comision-reviglio\/wp-json\/wp\/v2\/categories?post=192"},{"taxonomy":"post_tag","embeddable":true,"href":"https:\/\/redaccion1.fcpolit.unr.edu.ar\/comision-reviglio\/wp-json\/wp\/v2\/tags?post=192"}],"curies":[{"name":"wp","href":"https:\/\/api.w.org\/{rel}","templated":true}]}}