{"id":190,"date":"2009-04-06T16:42:29","date_gmt":"2009-04-06T16:42:29","guid":{"rendered":"http:\/\/fcpolit.unr.edu.ar\/blogs\/redaccion1-reviglio\/2009\/04\/06\/la-letra-y-su-molde\/"},"modified":"2009-04-06T16:42:29","modified_gmt":"2009-04-06T16:42:29","slug":"la-letra-y-su-molde","status":"publish","type":"post","link":"https:\/\/redaccion1.fcpolit.unr.edu.ar\/comision-reviglio\/2009\/04\/06\/la-letra-y-su-molde\/","title":{"rendered":"&quot;La letra y su molde&quot;"},"content":{"rendered":"<p><img loading=\"lazy\" decoding=\"async\" alt=\"Christian%20Ferrer%201.jpg\" src=\"http:\/\/www.bdp.org.ar\/facultad\/catedras\/comsoc\/redaccion1\/reviglio\/Christian%20Ferrer%201.jpg\" width=\"82\" height=\"124\" \/> <em>por Christian Ferrer<\/em><br \/>\n\u201cPoco antes de morir, Franz Rozensweig, fil\u00f3sofo alem\u00e1n, que, a\u00fan joven, hab\u00eda adquirido cierto renombre  como autor de \u201cLa estrella de la redenci\u00f3n!, gui\u00f1aba el ojo a su mujer a determinadas horas del d\u00eda. En 1921, a los treinta y cinco a\u00f1os de edad, se le diagnostic\u00f3 una esclerosis lateral (el \u201cmal de Gherig\u201d) que fue dejando a su cuerpo progresivamente paralizado, hasta matarlo.<\/p>\n<p><!--more--><br \/>\nDurante a\u00f1os no pudo moverse ni hablar. En ese estado tradujo, junto a Martin Buber, los primeros libros de la Tor\u00e1, y as\u00ed hasta 1929, en que muri\u00f3. En sus \u00faltimos meses de vida dict\u00f3 sus escritos parpadeando un ojo a medida que su esposa desplazaba un dedo sobre el alfabeto dibujado en un pizarr\u00f3n. Necesitaba escribir. Hay experiencias extremas con la escritura que no admiten la figura de lo \u2018extraordinario\u2019 ni aun como desaf\u00edo e interrogaci\u00f3n de sus formas rutinarias. Porque una mano de mujer que recorre nerviosamente una pizarra no es una \u2018tecnolog\u00eda de urgencia\u2019; antes pertenece al rango de los gestos de amor que inventan desesperadamente una t\u00e9cnica\u201d.<br \/>\nFranz Rozensweig  <img loading=\"lazy\" decoding=\"async\" alt=\"Franz%20Rosenzweig.jpg\" src=\"http:\/\/www.bdp.org.ar\/facultad\/catedras\/comsoc\/redaccion1\/reviglio\/Franz%20Rosenzweig.jpg\" width=\"82\" height=\"127\" \/><br \/>\nExtra\u00eddo de \u201cLa letra y su molde\u201d, publicado en  Revista Artefacto. Pensamientos sobre la t\u00e9cnica N\u00ba 6. Buenos Aires. Primavera de 2007.<\/p>\n","protected":false},"excerpt":{"rendered":"<p>por Christian Ferrer \u201cPoco antes de morir, Franz Rozensweig, fil\u00f3sofo alem\u00e1n, que, a\u00fan joven, hab\u00eda adquirido cierto renombre como autor de \u201cLa estrella de la redenci\u00f3n!, gui\u00f1aba el ojo a su mujer a determinadas horas del d\u00eda. En 1921, a los treinta y cinco a\u00f1os de edad, se le diagnostic\u00f3 una esclerosis lateral (el \u201cmal [&hellip;]<\/p>\n","protected":false},"author":27,"featured_media":0,"comment_status":"open","ping_status":"closed","sticky":false,"template":"","format":"standard","meta":{"footnotes":""},"categories":[29],"tags":[],"_links":{"self":[{"href":"https:\/\/redaccion1.fcpolit.unr.edu.ar\/comision-reviglio\/wp-json\/wp\/v2\/posts\/190"}],"collection":[{"href":"https:\/\/redaccion1.fcpolit.unr.edu.ar\/comision-reviglio\/wp-json\/wp\/v2\/posts"}],"about":[{"href":"https:\/\/redaccion1.fcpolit.unr.edu.ar\/comision-reviglio\/wp-json\/wp\/v2\/types\/post"}],"author":[{"embeddable":true,"href":"https:\/\/redaccion1.fcpolit.unr.edu.ar\/comision-reviglio\/wp-json\/wp\/v2\/users\/27"}],"replies":[{"embeddable":true,"href":"https:\/\/redaccion1.fcpolit.unr.edu.ar\/comision-reviglio\/wp-json\/wp\/v2\/comments?post=190"}],"version-history":[{"count":0,"href":"https:\/\/redaccion1.fcpolit.unr.edu.ar\/comision-reviglio\/wp-json\/wp\/v2\/posts\/190\/revisions"}],"wp:attachment":[{"href":"https:\/\/redaccion1.fcpolit.unr.edu.ar\/comision-reviglio\/wp-json\/wp\/v2\/media?parent=190"}],"wp:term":[{"taxonomy":"category","embeddable":true,"href":"https:\/\/redaccion1.fcpolit.unr.edu.ar\/comision-reviglio\/wp-json\/wp\/v2\/categories?post=190"},{"taxonomy":"post_tag","embeddable":true,"href":"https:\/\/redaccion1.fcpolit.unr.edu.ar\/comision-reviglio\/wp-json\/wp\/v2\/tags?post=190"}],"curies":[{"name":"wp","href":"https:\/\/api.w.org\/{rel}","templated":true}]}}