{"id":188,"date":"2009-03-30T16:50:15","date_gmt":"2009-03-30T16:50:15","guid":{"rendered":"http:\/\/fcpolit.unr.edu.ar\/blogs\/redaccion1-reviglio\/2009\/03\/30\/bienvenida-3\/"},"modified":"2009-03-30T16:50:15","modified_gmt":"2009-03-30T16:50:15","slug":"bienvenida-3","status":"publish","type":"post","link":"https:\/\/redaccion1.fcpolit.unr.edu.ar\/comision-reviglio\/2009\/03\/30\/bienvenida-3\/","title":{"rendered":"Bienvenida"},"content":{"rendered":"<p><img loading=\"lazy\" decoding=\"async\" alt=\"Torres%20Garcia_Barco.jpg\" src=\"http:\/\/www.bdp.org.ar\/facultad\/catedras\/comsoc\/redaccion1\/reviglio\/Torres%20Garcia_Barco.jpg\" width=\"120\" height=\"99\" \/><br \/>\n\u00a1Bienvenidos a la primer clase de Redacci\u00f3n 1! Desde hoy, \u00e9ste ser\u00e1 uno de los espacios que usaremos para estar en contacto entre clase y clase.<br \/>\nMi nombre es Cecilia Reviglio y nuestro ayudante alumno es Franco Motta. Ambos los acompa\u00f1aremos durante todo el a\u00f1o en la cursada de la materia.<\/p>\n<p><!--more--><br \/>\nCada semana, los d\u00edas martes nos encontraremos en la Sala de Inform\u00e1tica de la facultad (1er piso, ala vieja) a las 8 de la ma\u00f1ana y trabajaremos all\u00ed hasta las 10 hs, cuando nos mudaremos para continuar el trabajo al aula 101 por una hora m\u00e1s.<br \/>\nPara inaugurar este espacio, les propongo  que cada uno de ustedes publique debajo un comentario donde se presente y cuente algunas cosas de su vida que quiera compartir con el grupo (nombre, de qu\u00e9 localidad son, cu\u00e1ntos a\u00f1os tienen, qu\u00e9 esperan de la materia y de la carrera y todas aquellas cosas que nos permitan construir un retrato de cada uno de ustedes).<br \/>\nEsperamos que \u00e9ste sea el inicio de un recorrido interesante que haremos juntos durante el a\u00f1o. \u00a1Suerte y buena ventura!<\/p>\n","protected":false},"excerpt":{"rendered":"<p>\u00a1Bienvenidos a la primer clase de Redacci\u00f3n 1! Desde hoy, \u00e9ste ser\u00e1 uno de los espacios que usaremos para estar en contacto entre clase y clase. Mi nombre es Cecilia Reviglio y nuestro ayudante alumno es Franco Motta. Ambos los acompa\u00f1aremos durante todo el a\u00f1o en la cursada de la materia.<\/p>\n","protected":false},"author":27,"featured_media":0,"comment_status":"open","ping_status":"closed","sticky":false,"template":"","format":"standard","meta":{"footnotes":""},"categories":[20],"tags":[],"_links":{"self":[{"href":"https:\/\/redaccion1.fcpolit.unr.edu.ar\/comision-reviglio\/wp-json\/wp\/v2\/posts\/188"}],"collection":[{"href":"https:\/\/redaccion1.fcpolit.unr.edu.ar\/comision-reviglio\/wp-json\/wp\/v2\/posts"}],"about":[{"href":"https:\/\/redaccion1.fcpolit.unr.edu.ar\/comision-reviglio\/wp-json\/wp\/v2\/types\/post"}],"author":[{"embeddable":true,"href":"https:\/\/redaccion1.fcpolit.unr.edu.ar\/comision-reviglio\/wp-json\/wp\/v2\/users\/27"}],"replies":[{"embeddable":true,"href":"https:\/\/redaccion1.fcpolit.unr.edu.ar\/comision-reviglio\/wp-json\/wp\/v2\/comments?post=188"}],"version-history":[{"count":0,"href":"https:\/\/redaccion1.fcpolit.unr.edu.ar\/comision-reviglio\/wp-json\/wp\/v2\/posts\/188\/revisions"}],"wp:attachment":[{"href":"https:\/\/redaccion1.fcpolit.unr.edu.ar\/comision-reviglio\/wp-json\/wp\/v2\/media?parent=188"}],"wp:term":[{"taxonomy":"category","embeddable":true,"href":"https:\/\/redaccion1.fcpolit.unr.edu.ar\/comision-reviglio\/wp-json\/wp\/v2\/categories?post=188"},{"taxonomy":"post_tag","embeddable":true,"href":"https:\/\/redaccion1.fcpolit.unr.edu.ar\/comision-reviglio\/wp-json\/wp\/v2\/tags?post=188"}],"curies":[{"name":"wp","href":"https:\/\/api.w.org\/{rel}","templated":true}]}}