{"id":1842,"date":"2021-06-09T12:25:56","date_gmt":"2021-06-09T12:25:56","guid":{"rendered":"http:\/\/blogs-fcpolit.unr.edu.ar\/redaccion1-reviglio\/?p=1842"},"modified":"2021-06-09T12:25:56","modified_gmt":"2021-06-09T12:25:56","slug":"resumen-de-la-clase-5-del-8-de-junio","status":"publish","type":"post","link":"https:\/\/redaccion1.fcpolit.unr.edu.ar\/comision-reviglio\/2021\/06\/09\/resumen-de-la-clase-5-del-8-de-junio\/","title":{"rendered":"Resumen de la clase 5, del 8 de junio"},"content":{"rendered":"<p><a href=\"https:\/\/blogs.fcpolit.unr.edu.ar\/redaccion1-reviglio\/files\/2021\/06\/WhatsApp-Image-2021-06-09-at-09.22.43.jpeg\"><img loading=\"lazy\" decoding=\"async\" src=\"https:\/\/blogs.fcpolit.unr.edu.ar\/redaccion1-reviglio\/files\/2021\/06\/WhatsApp-Image-2021-06-09-at-09.22.43-300x166.jpeg\" alt=\"\" width=\"300\" height=\"166\" class=\"alignleft size-medium wp-image-1843\" \/><\/a>Ayer empezamos la clase media hora m\u00e1s temprano de lo habitual para darnos tiempo a <a href=\"https:\/\/blogs-fcpolit.unr.edu.ar\/redaccion1-reviglio\/2021\/06\/07\/7-de-junio-dia-del-y-la-periodista-celebraciones-y-debates-en-redaccion-1\/\" rel=\"noopener\" target=\"_blank\">celebrar el d\u00eda del periodista y compartir y debatir algunos textos<\/a> en relaci\u00f3n con ese tema.<!--more--><\/p>\n<p>M\u00e1s tarde hicimos algunas consideraciones generales respecto de la correcci\u00f3n de los <a href=\"https:\/\/blogs-fcpolit.unr.edu.ar\/redaccion1-reviglio\/2021\/05\/18\/trabajo-practico-n-1-estrategias-de-composicion-sobre-recuerdos-de-sabores-de-infancia\/\" rel=\"noopener\" target=\"_blank\">TP 1<\/a> que sirven para todos los TP. Por ejemplo, que hay que entregar todas las consignas que se presentan en cada uno de los trabajos, que es indispensable leer la bibliograf\u00eda que se indica en la consigna para su resoluci\u00f3n y que es importante responder seg\u00fan lo que se pide en la consigna, es decir, dar cuenta de que se ha comprendido lo que se est\u00e1 solicitando.<br \/>\nLa tercera y m\u00e1s extensa parte de la clase estuvo dedicada a la presentaci\u00f3n oral del <a href=\"https:\/\/blogs-fcpolit.unr.edu.ar\/redaccion1-reviglio\/2021\/05\/31\/trabajo-practico-n2-intenciones-fuentes-y-planificaciones-del-tp-integrador\/\" rel=\"noopener\" target=\"_blank\">TP 2<\/a>, que es una preparaci\u00f3n para el <a href=\"https:\/\/blogs-fcpolit.unr.edu.ar\/programa\/2020\/03\/08\/trabajo-practico-1-planificar-y-redactar\/\" rel=\"noopener\" target=\"_blank\">TP Integrador 1<\/a> (recuerden que el Integrador debe entregarse el 18\/6 y que ese trabajo no se admite fuera de t\u00e9rmino). La mayor\u00eda de los temas elegidos son pertinentes y hubo un muy buen trabajo de fuentes. S\u00f3lo algunos pocos ten\u00edan que hacer ajustes m\u00e1s importantes. Durante el d\u00eda de hoy, espero las versiones escritas.<\/p>\n<p>La semana pr\u00f3xima comenzaremos a trabajar en los temas de la Unidad dos. El lunes a las 16 publicar\u00e9 un video en vivo sobre el tema y en el encuentro del martes, avanzaremos en su discusi\u00f3n.<\/p>\n","protected":false},"excerpt":{"rendered":"<p>Ayer empezamos la clase media hora m\u00e1s temprano de lo habitual para darnos tiempo a celebrar el d\u00eda del periodista y compartir y debatir algunos textos en relaci\u00f3n con ese tema.<\/p>\n","protected":false},"author":17,"featured_media":0,"comment_status":"open","ping_status":"open","sticky":false,"template":"","format":"standard","meta":{"footnotes":""},"categories":[8,32],"tags":[],"_links":{"self":[{"href":"https:\/\/redaccion1.fcpolit.unr.edu.ar\/comision-reviglio\/wp-json\/wp\/v2\/posts\/1842"}],"collection":[{"href":"https:\/\/redaccion1.fcpolit.unr.edu.ar\/comision-reviglio\/wp-json\/wp\/v2\/posts"}],"about":[{"href":"https:\/\/redaccion1.fcpolit.unr.edu.ar\/comision-reviglio\/wp-json\/wp\/v2\/types\/post"}],"author":[{"embeddable":true,"href":"https:\/\/redaccion1.fcpolit.unr.edu.ar\/comision-reviglio\/wp-json\/wp\/v2\/users\/17"}],"replies":[{"embeddable":true,"href":"https:\/\/redaccion1.fcpolit.unr.edu.ar\/comision-reviglio\/wp-json\/wp\/v2\/comments?post=1842"}],"version-history":[{"count":0,"href":"https:\/\/redaccion1.fcpolit.unr.edu.ar\/comision-reviglio\/wp-json\/wp\/v2\/posts\/1842\/revisions"}],"wp:attachment":[{"href":"https:\/\/redaccion1.fcpolit.unr.edu.ar\/comision-reviglio\/wp-json\/wp\/v2\/media?parent=1842"}],"wp:term":[{"taxonomy":"category","embeddable":true,"href":"https:\/\/redaccion1.fcpolit.unr.edu.ar\/comision-reviglio\/wp-json\/wp\/v2\/categories?post=1842"},{"taxonomy":"post_tag","embeddable":true,"href":"https:\/\/redaccion1.fcpolit.unr.edu.ar\/comision-reviglio\/wp-json\/wp\/v2\/tags?post=1842"}],"curies":[{"name":"wp","href":"https:\/\/api.w.org\/{rel}","templated":true}]}}