{"id":182,"date":"2008-10-21T15:06:54","date_gmt":"2008-10-21T15:06:54","guid":{"rendered":"http:\/\/fcpolit.unr.edu.ar\/blogs\/redaccion1-reviglio\/2008\/10\/21\/clase-del-20-de-octubre\/"},"modified":"2008-10-21T15:06:54","modified_gmt":"2008-10-21T15:06:54","slug":"clase-del-20-de-octubre","status":"publish","type":"post","link":"https:\/\/redaccion1.fcpolit.unr.edu.ar\/comision-reviglio\/2008\/10\/21\/clase-del-20-de-octubre\/","title":{"rendered":"Clase del 20 de octubre"},"content":{"rendered":"<p><img loading=\"lazy\" decoding=\"async\" alt=\"atardecer%20con%20palmeras.jpg\" src=\"http:\/\/www.bdp.org.ar\/facultad\/catedras\/comsoc\/redaccion1\/reviglio\/atardecer%20con%20palmeras.jpg\" width=\"135\" height=\"101\" \/><br \/>\nOlvid\u00e9 designar a alguien para escribir el resumen de la clase, as\u00ed que lo har\u00e9 yo.<br \/>\nEn la clase de ayer entregu\u00e9 los parciales corregidos y acordamos que a\u00fan no daremos fecha de recuperatorio, hasta despu\u00e9s del tercer parcial.<\/p>\n<p><!--more--><br \/>\nAyer tambi\u00e9n terminamos de ver los temas de la unidad 6: trabajamos con un ejemplo para ver c\u00f3mo funcionaba la superestructura narrativa en un cuento particular y luego Franco dio una clase sobre nuevo periodismo. Recomiendo leer sus <a href=\"http:\/\/www.bdp.org.ar\/facultad\/catedras\/comsoc\/redaccion1\/reviglio\/2007\/10\/narrativa_de_no_ficcion.php\">apuntes de clase sobre el tema<\/a>, ya que formar\u00e1n parte de los temas a evaluar en el pr\u00f3ximo parcial.<br \/>\nPara terminar de evaluar esta unidad, tienen que realizar las siguientes tareas:<br \/>\nActividad 12:<a href=\"http:\/\/www.bdp.org.ar\/facultad\/catedras\/comsoc\/redaccion1\/reviglio\/2008\/10\/actividad_el_tiempo_tramado_en.php#more\"> El tiempo tramado en una superestructura narrativa.<\/a><br \/>\nActividad 13: <a href=\"http:\/\/www.bdp.org.ar\/facultad\/catedras\/comsoc\/redaccion1\/reviglio\/2005\/10\/actividad_9.php\">Categor\u00edas narrativas en las noticias<\/a><br \/>\nTrabajo Pr\u00e1ctico N\u00aa 25: <a href=\"http:\/\/www.bdp.org.ar\/facultad\/catedras\/comsoc\/redaccion1\/reviglio\/2008\/10\/trabajo_practico_n_25_analisis.php#more\">&#8220;An\u00e1lisis del g\u00e9nero de no ficci\u00f3n&#8221;<\/a><br \/>\nTrabajo Pr\u00e1ctico 26: <a href=\"http:\/\/www.bdp.org.ar\/facultad\/catedras\/comsoc\/redaccion1\/unidades\/2008\/07\/sobre_periodismo_y_ficcion.php\">Sobre periodismo y ficci\u00f3n <\/a>(Puede ser de resolucion individual)<br \/>\nTambi\u00e9n avanzamos un poco sobre el <a href=\"http:\/\/www.bdp.org.ar\/facultad\/catedras\/comsoc\/redaccion1\/reviglio\/2008\/10\/alcanzando_la_meta_trabajo_pra.php#more\">Trabajo Pr\u00e1ctico Final<\/a>. Recomiendo enf\u00e1ticamente a todos que vayan pensando un tema. En cada clase destinaremos un tiempo para trabajar sobre las propuestas que vayan acercando.<br \/>\nLa clase pr\u00f3xima comenzaremos con la Unidad 7 sobre Argumentaci\u00f3n. Tendremos una invitada especial: Natalia Raimondo, quien dar\u00e1 la primera parte de la unidad. Para ello, les recomiendo la lectura del siguiente material:<br \/>\nTextos Base: <a href=\"http:\/\/www.bdp.org.ar\/facultad\/catedras\/comsoc\/redaccion1\/unidades\/2008\/03\/la_argumentacion_otra_de_las_d.php\">&#8220;La argumentaci\u00f3n: otra de las dos grandes tendencias en la elaboraci\u00f2n de los textos&#8221;<\/a> y <a href=\"http:\/\/www.bdp.org.ar\/facultad\/catedras\/comsoc\/redaccion1\/unidades\/2008\/03\/evolucion_historica_de_la_argu.php\">&#8220;Evolucion hist\u00f3rica de la argumentaci\u00f3n&#8221;<\/a> y los textos fuentes que de ellos derivan.<br \/>\n<strong>Atenci\u00f3n: Fecha de pr\u00f3ximo parcial 10 de noviembre. <\/strong> Se evaluar\u00e1n Unidades 6 y 7.<\/p>\n","protected":false},"excerpt":{"rendered":"<p>Olvid\u00e9 designar a alguien para escribir el resumen de la clase, as\u00ed que lo har\u00e9 yo. En la clase de ayer entregu\u00e9 los parciales corregidos y acordamos que a\u00fan no daremos fecha de recuperatorio, hasta despu\u00e9s del tercer parcial.<\/p>\n","protected":false},"author":27,"featured_media":0,"comment_status":"open","ping_status":"closed","sticky":false,"template":"","format":"standard","meta":{"footnotes":""},"categories":[18],"tags":[],"_links":{"self":[{"href":"https:\/\/redaccion1.fcpolit.unr.edu.ar\/comision-reviglio\/wp-json\/wp\/v2\/posts\/182"}],"collection":[{"href":"https:\/\/redaccion1.fcpolit.unr.edu.ar\/comision-reviglio\/wp-json\/wp\/v2\/posts"}],"about":[{"href":"https:\/\/redaccion1.fcpolit.unr.edu.ar\/comision-reviglio\/wp-json\/wp\/v2\/types\/post"}],"author":[{"embeddable":true,"href":"https:\/\/redaccion1.fcpolit.unr.edu.ar\/comision-reviglio\/wp-json\/wp\/v2\/users\/27"}],"replies":[{"embeddable":true,"href":"https:\/\/redaccion1.fcpolit.unr.edu.ar\/comision-reviglio\/wp-json\/wp\/v2\/comments?post=182"}],"version-history":[{"count":0,"href":"https:\/\/redaccion1.fcpolit.unr.edu.ar\/comision-reviglio\/wp-json\/wp\/v2\/posts\/182\/revisions"}],"wp:attachment":[{"href":"https:\/\/redaccion1.fcpolit.unr.edu.ar\/comision-reviglio\/wp-json\/wp\/v2\/media?parent=182"}],"wp:term":[{"taxonomy":"category","embeddable":true,"href":"https:\/\/redaccion1.fcpolit.unr.edu.ar\/comision-reviglio\/wp-json\/wp\/v2\/categories?post=182"},{"taxonomy":"post_tag","embeddable":true,"href":"https:\/\/redaccion1.fcpolit.unr.edu.ar\/comision-reviglio\/wp-json\/wp\/v2\/tags?post=182"}],"curies":[{"name":"wp","href":"https:\/\/api.w.org\/{rel}","templated":true}]}}