{"id":1774,"date":"2021-04-27T14:52:25","date_gmt":"2021-04-27T14:52:25","guid":{"rendered":"http:\/\/blogs-fcpolit.unr.edu.ar\/redaccion1-reviglio\/?p=1774"},"modified":"2021-04-27T14:52:25","modified_gmt":"2021-04-27T14:52:25","slug":"bienvenida-comision-tres-al-espacio-de-redaccion-1","status":"publish","type":"post","link":"https:\/\/redaccion1.fcpolit.unr.edu.ar\/comision-reviglio\/2021\/04\/27\/bienvenida-comision-tres-al-espacio-de-redaccion-1\/","title":{"rendered":"\u00a1Bienvenida, comisi\u00f3n tres, al espacio de Redacci\u00f3n 1!"},"content":{"rendered":"<p><a href=\"https:\/\/blogs.fcpolit.unr.edu.ar\/redaccion1-reviglio\/files\/2021\/04\/WhatsApp-Image-2021-04-27-at-11.48.54.jpeg\"><img loading=\"lazy\" decoding=\"async\" src=\"https:\/\/blogs.fcpolit.unr.edu.ar\/redaccion1-reviglio\/files\/2021\/04\/WhatsApp-Image-2021-04-27-at-11.48.54-300x225.jpeg\" alt=\"\" width=\"300\" height=\"225\" class=\"alignleft size-medium wp-image-1775\" \/><\/a>\u00a1Bienvenidos a la comisi\u00f3n 3 de la c\u00e1tedra Redacci\u00f3n 1!<br \/>\nMi nombre es Cecilia Reviglio y voy a acompa\u00f1arlos en la cursada de esta materia durante este a\u00f1o. Este espacio ser\u00e1 una parte privilegiada de nuestra aula de clase mientras dure el distanciamiento social que nos cuida a todos del Covid-19. <!--more--><\/p>\n<p>El 2021 es el segundo a\u00f1o que nos toca dictar la materia sin poder estar de cuerpo presente en el aula de clase, pero a esa particularidad, le sumamos la experiencia que construimos el a\u00f1o pasado, a\u00f1o en el que, junto con los profes de las otras comisiones fuimos probando diversas estrategias para sostener el dictado de la materia desde entornos digitales.<br \/>\nEste a\u00f1o nos encuentra cansados, pero algunas certezas producto del recorrido del a\u00f1o pasado. Tal como en el 2020, los profes, auxiliares y adscriptos nos comprometemos  a poner lo mejor de cada uno de nosotros para hacer de estos espacios virtuales momentos de encuentro, de aprendizaje, de afecto, de comunidad (con lo que encierra el significado de esa palabra: lo com\u00fan).<br \/>\nPara ello, necesitamos que ustedes tambi\u00e9n se comprometan, se conecten, se comuniquen, lean, escriban, estudien y nos hagan saber cu\u00e1ndo algo se complica, no se comprende, hay otras opciones que podemos no estar considerando, etc. En fin, les propones construir este espacio como un espacio grupal, de encuentro, de comunicaci\u00f3n, colectivo.<br \/>\nCada uno de ustedes ha recibido a trav\u00e9s de Guaran\u00ed un mensaje con datos respecto de nuestro grupo de fb y tambi\u00e9n el enlace para encontrarnos el pr\u00f3ximo martes. Tienen que estar muy atentos a las comunicaciones a trav\u00e9s del sistema Guaran\u00ed, del correo electr\u00f3nico y de esta p\u00e1gina porque ser\u00e1n nuestros espacios de encuentro y comunicaci\u00f3n durante este tiempo.<br \/>\nMientras tanto y para quienes est\u00e9n m\u00e1s curiosos, pueden ir viendo algunas <a href=\"https:\/\/blogs-fcpolit.unr.edu.ar\/redaccion1-reviglio\/2020\/03\/26\/pautas-de-cursado-entrega-de-trabajos-etc\/\" rel=\"noopener\" target=\"_blank\">orientaciones sobre la cursada en este enlace<\/a>. De todos modos, vamos a retomar estas cuestiones en nuestro primer encuentro virtual.<\/p>\n<p><strong>Datos de contacto:<\/strong><br \/>\n<strong>Profesora Cecilia Reviglio<\/strong>: ceciliareviglio@hotmail.com<br \/>\n<strong>Ayudante alumno Juan S\u00e1nchez<\/strong>: cahjuan74@gmail.com<br \/>\n<strong>Profesora adscripta Delfina Eckart<\/strong>: finaeckart@gmail.com<\/p>\n","protected":false},"excerpt":{"rendered":"<p>\u00a1Bienvenidos a la comisi\u00f3n 3 de la c\u00e1tedra Redacci\u00f3n 1! Mi nombre es Cecilia Reviglio y voy a acompa\u00f1arlos en la cursada de esta materia durante este a\u00f1o. Este espacio ser\u00e1 una parte privilegiada de nuestra aula de clase mientras dure el distanciamiento social que nos cuida a todos del Covid-19.<\/p>\n","protected":false},"author":17,"featured_media":0,"comment_status":"open","ping_status":"open","sticky":false,"template":"","format":"standard","meta":{"footnotes":""},"categories":[8,20],"tags":[],"_links":{"self":[{"href":"https:\/\/redaccion1.fcpolit.unr.edu.ar\/comision-reviglio\/wp-json\/wp\/v2\/posts\/1774"}],"collection":[{"href":"https:\/\/redaccion1.fcpolit.unr.edu.ar\/comision-reviglio\/wp-json\/wp\/v2\/posts"}],"about":[{"href":"https:\/\/redaccion1.fcpolit.unr.edu.ar\/comision-reviglio\/wp-json\/wp\/v2\/types\/post"}],"author":[{"embeddable":true,"href":"https:\/\/redaccion1.fcpolit.unr.edu.ar\/comision-reviglio\/wp-json\/wp\/v2\/users\/17"}],"replies":[{"embeddable":true,"href":"https:\/\/redaccion1.fcpolit.unr.edu.ar\/comision-reviglio\/wp-json\/wp\/v2\/comments?post=1774"}],"version-history":[{"count":0,"href":"https:\/\/redaccion1.fcpolit.unr.edu.ar\/comision-reviglio\/wp-json\/wp\/v2\/posts\/1774\/revisions"}],"wp:attachment":[{"href":"https:\/\/redaccion1.fcpolit.unr.edu.ar\/comision-reviglio\/wp-json\/wp\/v2\/media?parent=1774"}],"wp:term":[{"taxonomy":"category","embeddable":true,"href":"https:\/\/redaccion1.fcpolit.unr.edu.ar\/comision-reviglio\/wp-json\/wp\/v2\/categories?post=1774"},{"taxonomy":"post_tag","embeddable":true,"href":"https:\/\/redaccion1.fcpolit.unr.edu.ar\/comision-reviglio\/wp-json\/wp\/v2\/tags?post=1774"}],"curies":[{"name":"wp","href":"https:\/\/api.w.org\/{rel}","templated":true}]}}