{"id":1769,"date":"2020-10-27T11:30:03","date_gmt":"2020-10-27T11:30:03","guid":{"rendered":"http:\/\/blogs-fcpolit.unr.edu.ar\/redaccion1-reviglio\/?p=1769"},"modified":"2020-10-27T11:30:03","modified_gmt":"2020-10-27T11:30:03","slug":"fechas-importantes-ultimas-fechas","status":"publish","type":"post","link":"https:\/\/redaccion1.fcpolit.unr.edu.ar\/comision-reviglio\/2020\/10\/27\/fechas-importantes-ultimas-fechas\/","title":{"rendered":"Fechas importantes (\u00a1\u00daltimas fechas!)"},"content":{"rendered":"<p>Estamos acerc\u00e1ndonos al final de la cursada. Les dejo aqu\u00ed las fechas de entrega y consultas para que tengan en cuenta:<!--more--><\/p>\n<p><strong>Lunes 2\/11<\/strong>: Entrega <a href=\"https:\/\/blogs-fcpolit.unr.edu.ar\/redaccion1-reviglio\/2020\/10\/26\/trabajo-practico-n12-covid-19-universidad-y-despues\/\" rel=\"noopener\" target=\"_blank\">TP 12<\/a><br \/>\n<strong>Martes 3\/11<\/strong>: Consulta <a href=\"https:\/\/blogs-fcpolit.unr.edu.ar\/programa\/2020\/08\/27\/trabajo-practico-final-alistando-motores\/\" rel=\"noopener\" target=\"_blank\">TPF<\/a> v\u00eda FB y\/o Meet<br \/>\n<strong>Viernes 6\/11<\/strong>: Entrega <a href=\"https:\/\/blogs-fcpolit.unr.edu.ar\/programa\/2020\/08\/03\/trabajo-practico-unidad-4-narrar-y-opinar\/\" rel=\"noopener\" target=\"_blank\">Integrador 4.3.4<\/a> <strong>Tema del a\u00f1o<\/strong>: Quema en las islas del delta del Paran\u00e1.<br \/>\n<strong>Martes 10\/11<\/strong>: Entrega borrador de segunda entrevista TPF<br \/>\n<strong>Martes 17\/11<\/strong>: Entrega borrador de Texto narrativo TPF<br \/>\n<strong>Martes 24\/11<\/strong>: Entrega borrador de Texto argumentativo TPF<br \/>\n<strong>Martes 1\/12<\/strong>: <strong>Entrega Final TPF completo:<\/strong><br \/>\n1.- Proyecto (TPI unidad 4.1 corregido y ajustado en funci\u00f3n de las devoluciones realizadas por la docente)<br \/>\n2.- Texto narrativo con sus t\u00edtulos<br \/>\n3.- Texto conversacional con sus t\u00edtulos<br \/>\n4.- Texto argumentativo con sus t\u00edtulos<br \/>\n5.- Materiales extra (contenido de los enlaces, im\u00e1genes, propuesta de organizaci\u00f3n de los contenidos, etc.)<br \/>\n6.- Fuentes de informaci\u00f3n documentales (listado o archivo)<br \/>\n7.- Transcripci\u00f3n de las entrevistas.<br \/>\n8.- Un texto breve (no m\u00e1s de una carilla) donde eval\u00faen su proceso de trabajo en dos aspectos:<br \/>\nTrabajo final: dificultades y obst\u00e1culos, facilitadores, lo que m\u00e1s les gust\u00f3 hacer, lo que disfrutaron menos, aquellos aspectos del trabajo con los que est\u00e1n m\u00e1s conformes y con los que menos.<br \/>\nMateria en general: \u00bfqu\u00e9 aprendieron? \u00bfqu\u00e9 les qued\u00f3 por aprender o mejorar? \u00bfsienten diferencias entre sus habilidades de escritura respecto del inicio del a\u00f1o? \u00bfCu\u00e1les? Modalidad de trabajo, contenidos, etc.<\/p>\n","protected":false},"excerpt":{"rendered":"<p>Estamos acerc\u00e1ndonos al final de la cursada. Les dejo aqu\u00ed las fechas de entrega y consultas para que tengan en cuenta:<\/p>\n","protected":false},"author":17,"featured_media":0,"comment_status":"open","ping_status":"open","sticky":false,"template":"","format":"standard","meta":{"footnotes":""},"categories":[7,20],"tags":[],"_links":{"self":[{"href":"https:\/\/redaccion1.fcpolit.unr.edu.ar\/comision-reviglio\/wp-json\/wp\/v2\/posts\/1769"}],"collection":[{"href":"https:\/\/redaccion1.fcpolit.unr.edu.ar\/comision-reviglio\/wp-json\/wp\/v2\/posts"}],"about":[{"href":"https:\/\/redaccion1.fcpolit.unr.edu.ar\/comision-reviglio\/wp-json\/wp\/v2\/types\/post"}],"author":[{"embeddable":true,"href":"https:\/\/redaccion1.fcpolit.unr.edu.ar\/comision-reviglio\/wp-json\/wp\/v2\/users\/17"}],"replies":[{"embeddable":true,"href":"https:\/\/redaccion1.fcpolit.unr.edu.ar\/comision-reviglio\/wp-json\/wp\/v2\/comments?post=1769"}],"version-history":[{"count":0,"href":"https:\/\/redaccion1.fcpolit.unr.edu.ar\/comision-reviglio\/wp-json\/wp\/v2\/posts\/1769\/revisions"}],"wp:attachment":[{"href":"https:\/\/redaccion1.fcpolit.unr.edu.ar\/comision-reviglio\/wp-json\/wp\/v2\/media?parent=1769"}],"wp:term":[{"taxonomy":"category","embeddable":true,"href":"https:\/\/redaccion1.fcpolit.unr.edu.ar\/comision-reviglio\/wp-json\/wp\/v2\/categories?post=1769"},{"taxonomy":"post_tag","embeddable":true,"href":"https:\/\/redaccion1.fcpolit.unr.edu.ar\/comision-reviglio\/wp-json\/wp\/v2\/tags?post=1769"}],"curies":[{"name":"wp","href":"https:\/\/api.w.org\/{rel}","templated":true}]}}