{"id":1765,"date":"2020-10-12T19:41:48","date_gmt":"2020-10-12T19:41:48","guid":{"rendered":"http:\/\/blogs-fcpolit.unr.edu.ar\/redaccion1-reviglio\/?p=1765"},"modified":"2020-10-12T19:41:48","modified_gmt":"2020-10-12T19:41:48","slug":"cronograma-de-lecturas-4-4","status":"publish","type":"post","link":"https:\/\/redaccion1.fcpolit.unr.edu.ar\/comision-reviglio\/2020\/10\/12\/cronograma-de-lecturas-4-4\/","title":{"rendered":"Cronograma de lecturas 4.4"},"content":{"rendered":"<p>Para ordenar el estudio del \u00faltimo tema del a\u00f1o, les dejo aqu\u00ed el enlace a <a href=\"https:\/\/blogs-fcpolit.unr.edu.ar\/programa\/2020\/08\/03\/guias-de-lectura-unidad-4-4-textos-argumentativos\/\" rel=\"noopener\" target=\"_blank\">las gu\u00edas de lectura<\/a> y el cronograma de lectura para que pueda organizarse.<!--more--><\/p>\n<p><strong>Semana 13\/10: <\/strong><br \/>\nMayol, Mauricio (2020)  <a href=\"https:\/\/drive.google.com\/file\/d\/10ZXd5LYQCZswmp5hqNRQKrlSWU8xoNSb\/view?usp=sharing\" rel=\"noopener\" target=\"_blank\">Argumentaci\u00f3n y periodismo de opini\u00f3n I<\/a>. Ficha de c\u00e1tedra.<\/p>\n<p><strong>Semana 20\/10: <\/strong><br \/>\nCalsamiglia, H. y Tus\u00f3n, A. (1999). <a href=\"https:\/\/drive.google.com\/file\/d\/1Rhe0k6X-UnnCZ8JbSJhv_tL2ATyRxRcT\/view?usp=sharing\" rel=\"noopener\" target=\"_blank\">&#8220;La argumentaci\u00f3n&#8221;<\/a>. En Las cosas del decir. Barcelona: Ariel, pp. 292-299.<br \/>\nCarrillo Guerrero, L\u00e1zaro. <a href=\"https:\/\/drive.google.com\/file\/d\/1fmyq_QbMyBnyc0pbEvpQrWzvDTOw-ed4\/view?usp=sharing\" rel=\"noopener\" target=\"_blank\">Argumentaci\u00f3n y argumento<\/a><\/p>\n<p><strong>Semana 27\/10:<\/strong><br \/>\nMayol, Mauricio (2020), <a href=\"https:\/\/drive.google.com\/file\/d\/1mN5_yWTjouybI74ybHuYQS8IwthC8n6i\/view?usp=sharing\" rel=\"noopener\" target=\"_blank\">Argumentaci\u00f3n y periodismo de opini\u00f3n II<\/a>. Ficha de c\u00e1tedra.<br \/>\nS\u00e1nchez Lobato, Jes\u00fas (2007), &#8220;<a href=\"https:\/\/drive.google.com\/file\/d\/1wIGcYvJbZSE6vs-EEdHYH4C0lL_91t6I\/view?usp=sharing\" rel=\"noopener\" target=\"_blank\">Modelos de textos seg\u00fan la modalidad: exposici\u00f3n y argumentaci\u00f3n<\/a>&#8220;. En Saber escribir. M\u00e9xico: Aguilar. Pp. 367-389<\/p>\n","protected":false},"excerpt":{"rendered":"<p>Para ordenar el estudio del \u00faltimo tema del a\u00f1o, les dejo aqu\u00ed el enlace a las gu\u00edas de lectura y el cronograma de lectura para que pueda organizarse.<\/p>\n","protected":false},"author":17,"featured_media":0,"comment_status":"open","ping_status":"open","sticky":false,"template":"","format":"standard","meta":{"footnotes":""},"categories":[7,20],"tags":[],"_links":{"self":[{"href":"https:\/\/redaccion1.fcpolit.unr.edu.ar\/comision-reviglio\/wp-json\/wp\/v2\/posts\/1765"}],"collection":[{"href":"https:\/\/redaccion1.fcpolit.unr.edu.ar\/comision-reviglio\/wp-json\/wp\/v2\/posts"}],"about":[{"href":"https:\/\/redaccion1.fcpolit.unr.edu.ar\/comision-reviglio\/wp-json\/wp\/v2\/types\/post"}],"author":[{"embeddable":true,"href":"https:\/\/redaccion1.fcpolit.unr.edu.ar\/comision-reviglio\/wp-json\/wp\/v2\/users\/17"}],"replies":[{"embeddable":true,"href":"https:\/\/redaccion1.fcpolit.unr.edu.ar\/comision-reviglio\/wp-json\/wp\/v2\/comments?post=1765"}],"version-history":[{"count":0,"href":"https:\/\/redaccion1.fcpolit.unr.edu.ar\/comision-reviglio\/wp-json\/wp\/v2\/posts\/1765\/revisions"}],"wp:attachment":[{"href":"https:\/\/redaccion1.fcpolit.unr.edu.ar\/comision-reviglio\/wp-json\/wp\/v2\/media?parent=1765"}],"wp:term":[{"taxonomy":"category","embeddable":true,"href":"https:\/\/redaccion1.fcpolit.unr.edu.ar\/comision-reviglio\/wp-json\/wp\/v2\/categories?post=1765"},{"taxonomy":"post_tag","embeddable":true,"href":"https:\/\/redaccion1.fcpolit.unr.edu.ar\/comision-reviglio\/wp-json\/wp\/v2\/tags?post=1765"}],"curies":[{"name":"wp","href":"https:\/\/api.w.org\/{rel}","templated":true}]}}