{"id":1749,"date":"2020-09-08T15:00:35","date_gmt":"2020-09-08T15:00:35","guid":{"rendered":"http:\/\/blogs-fcpolit.unr.edu.ar\/redaccion1-reviglio\/?p=1749"},"modified":"2020-09-08T15:00:35","modified_gmt":"2020-09-08T15:00:35","slug":"clase-21-del-8-de-septiembre","status":"publish","type":"post","link":"https:\/\/redaccion1.fcpolit.unr.edu.ar\/comision-reviglio\/2020\/09\/08\/clase-21-del-8-de-septiembre\/","title":{"rendered":"Clase 21 del 8 de septiembre"},"content":{"rendered":"<p>En la clase de hoy desarrollamos el tema de entrevista a partir de los planteos de Halper\u00edn en <a href=\"https:\/\/drive.google.com\/file\/d\/1GQU-O1yajKMMgKhHX3ZoDuqSbbbVaEkv\/view?usp=sharing\" rel=\"noopener\" target=\"_blank\">La entrevista period\u00edstica<\/a>. <!--more--><\/p>\n<p>Tambi\u00e9n le\u00edmos y comentamos los ejemplos de entrevista que publiqu\u00e9 ayer para el trabajo de hoy.<br \/>\nLes dejo el <a href=\"https:\/\/drive.google.com\/file\/d\/1QLLZ92irS-NgLpagVPSInAwwvcGN96B_\/view?usp=sharing\" rel=\"noopener\" target=\"_blank\">enlace para los que no pudieron conectarse<\/a><br \/>\nA prop\u00f3sito, me llama la atenci\u00f3n que cada vez son menos los que se conectan. Me gustar\u00eda que, al menos en un mail privado si no quieren expresarlo en el grupo de facebook, puedan decirme por qu\u00e9 no se conectan para tener un panorama m\u00e1s claro y ver si podemos modificar en algo la din\u00e1mica.<\/p>\n<p>La semana que viene no hay clases, pero estar\u00e9 disponible v\u00eda facebook para consultas sobre el <a href=\"https:\/\/blogs-fcpolit.unr.edu.ar\/programa\/2020\/07\/29\/trabajo-practico-textos-expositivos\/\" rel=\"noopener\" target=\"_blank\">integrador del apartado 4.1<\/a>.<br \/>\nTambi\u00e9n ser\u00e1 la fecha de entrega del <a href=\"https:\/\/blogs-fcpolit.unr.edu.ar\/redaccion1-reviglio\/2020\/09\/07\/trabajo-practico-n-7-discursos-referidos-para-construir-una-noticia\/\" rel=\"noopener\" target=\"_blank\">TP 7 sobre entrevista<\/a>.<\/p>\n","protected":false},"excerpt":{"rendered":"<p>En la clase de hoy desarrollamos el tema de entrevista a partir de los planteos de Halper\u00edn en La entrevista period\u00edstica.<\/p>\n","protected":false},"author":17,"featured_media":0,"comment_status":"open","ping_status":"open","sticky":false,"template":"","format":"standard","meta":{"footnotes":""},"categories":[7,18],"tags":[],"_links":{"self":[{"href":"https:\/\/redaccion1.fcpolit.unr.edu.ar\/comision-reviglio\/wp-json\/wp\/v2\/posts\/1749"}],"collection":[{"href":"https:\/\/redaccion1.fcpolit.unr.edu.ar\/comision-reviglio\/wp-json\/wp\/v2\/posts"}],"about":[{"href":"https:\/\/redaccion1.fcpolit.unr.edu.ar\/comision-reviglio\/wp-json\/wp\/v2\/types\/post"}],"author":[{"embeddable":true,"href":"https:\/\/redaccion1.fcpolit.unr.edu.ar\/comision-reviglio\/wp-json\/wp\/v2\/users\/17"}],"replies":[{"embeddable":true,"href":"https:\/\/redaccion1.fcpolit.unr.edu.ar\/comision-reviglio\/wp-json\/wp\/v2\/comments?post=1749"}],"version-history":[{"count":0,"href":"https:\/\/redaccion1.fcpolit.unr.edu.ar\/comision-reviglio\/wp-json\/wp\/v2\/posts\/1749\/revisions"}],"wp:attachment":[{"href":"https:\/\/redaccion1.fcpolit.unr.edu.ar\/comision-reviglio\/wp-json\/wp\/v2\/media?parent=1749"}],"wp:term":[{"taxonomy":"category","embeddable":true,"href":"https:\/\/redaccion1.fcpolit.unr.edu.ar\/comision-reviglio\/wp-json\/wp\/v2\/categories?post=1749"},{"taxonomy":"post_tag","embeddable":true,"href":"https:\/\/redaccion1.fcpolit.unr.edu.ar\/comision-reviglio\/wp-json\/wp\/v2\/tags?post=1749"}],"curies":[{"name":"wp","href":"https:\/\/api.w.org\/{rel}","templated":true}]}}