{"id":1745,"date":"2020-08-26T12:09:58","date_gmt":"2020-08-26T12:09:58","guid":{"rendered":"http:\/\/blogs-fcpolit.unr.edu.ar\/redaccion1-reviglio\/?p=1745"},"modified":"2020-08-26T12:09:58","modified_gmt":"2020-08-26T12:09:58","slug":"clase-19-del-25-de-agosto","status":"publish","type":"post","link":"https:\/\/redaccion1.fcpolit.unr.edu.ar\/comision-reviglio\/2020\/08\/26\/clase-19-del-25-de-agosto\/","title":{"rendered":"Clase 19 del 25 de agosto"},"content":{"rendered":"<p>En la clase de ayer, a partir de los textos sobre periodismo de investigaci\u00f3n \u2014<a href=\"https:\/\/drive.google.com\/file\/d\/1CW4FVsxvMWzdBFDHrSjIgH0Pibq9fWUL\/view\" rel=\"noopener\" target=\"_blank\">Periodismo de investigaci\u00f3n de IPYS y UNESCO<\/a> , <a href=\"https:\/\/drive.google.com\/file\/d\/1VsnEJvvR21j59DLmWkh0H4NOZdmi9bIy\/view\" rel=\"noopener\" target=\"_blank\">Redacci\u00f3n, de Gerardo Reyes<\/a> y <a href=\"https:\/\/drive.google.com\/file\/d\/1JUH0RSHtzSnNWpSV7sAVzPJOlxN5-OY8\/view\" rel=\"noopener\" target=\"_blank\">C\u00f3mo hacer periodismo de investigaci\u00f3n por Rojas Delgado<\/a>\u2014 y del relato de la experiencia del trabajo final de Juan, discutimos con quienes se conectaron los posibles temas para el trabajo final de la materia que coincidir\u00e1 con el tema del t<a href=\"https:\/\/drive.google.com\/file\/d\/1yHoLO3ULZOIe9nOgMc3yDuTUKUBagOso\/view?usp=sharing\" rel=\"noopener\" target=\"_blank\">rabajo integrador de esta parte de la unidad<\/a>  <!--more--><br \/>\nLas pr\u00f3ximas dos semanas, seguiremos dedicando una parte del encuentro a discutir esos temas y, al mismo tiempo, avanzaremos en el tema de <a href=\"https:\/\/blogs-fcpolit.unr.edu.ar\/programa\/category\/2020\/u4\/conversacionales\/\" rel=\"noopener\" target=\"_blank\">textos conversacionales<\/a> en cuyo marco abordaremos \u201centrevistas\u201d.<\/p>\n<p>Para ello, leeremos el texto articulador <a href=\"https:\/\/blogs-fcpolit.unr.edu.ar\/programa\/2020\/07\/29\/unidad-4-2-textos-conversacionales\/\" rel=\"noopener\" target=\"_blank\">Textos conversacionales<\/a>, as\u00ed como <a href=\"https:\/\/drive.google.com\/file\/d\/18Z7u-7DaAUmmELXvlsucA6ObbamlHEKC\/view\" rel=\"noopener\" target=\"_blank\">Las personas del discurso<\/a>  de Calsamiglia y Tus\u00f3n donde las autoras pasan revista a los modos en los que los discursos de otros pueden entrar en los propios. La semana del 7\/8 abordaremos el tema concreto de <a href=\"https:\/\/drive.google.com\/file\/d\/1GQU-O1yajKMMgKhHX3ZoDuqSbbbVaEkv\/view\" rel=\"noopener\" target=\"_blank\">La entrevista period\u00edstica<\/a> a partir de un fragmento del libro ya cl\u00e1sico del periodista Jorge Halper\u00edn<br \/>\nAsimismo, les dejo en <a href=\"https:\/\/blogs-fcpolit.unr.edu.ar\/programa\/2020\/07\/29\/guias-de-lectura-unidad-4-2-textos-conversacionales\/\" rel=\"noopener\" target=\"_blank\">enlace a las gu\u00edas de lectura<\/a>.<\/p>\n<p>Les recuerdo que este viernes es el \u00faltimo plazo para enviar los <a href=\"https:\/\/blogs-fcpolit.unr.edu.ar\/programa\/2020\/07\/28\/trabajo-pactico-unidad-3-los-textos-y-sus-significados\/\" rel=\"noopener\" target=\"_blank\">TP 6<\/a> (tanto para quienes deb\u00edan rehacerlo como para aquellos que no lo hicieron y lo entregan por primera vez).<\/p>\n","protected":false},"excerpt":{"rendered":"<p>En la clase de ayer, a partir de los textos sobre periodismo de investigaci\u00f3n \u2014Periodismo de investigaci\u00f3n de IPYS y UNESCO , Redacci\u00f3n, de Gerardo Reyes y C\u00f3mo hacer periodismo de investigaci\u00f3n por Rojas Delgado\u2014 y del relato de la experiencia del trabajo final de Juan, discutimos con quienes se conectaron los posibles temas para [&hellip;]<\/p>\n","protected":false},"author":17,"featured_media":0,"comment_status":"open","ping_status":"open","sticky":false,"template":"","format":"standard","meta":{"footnotes":""},"categories":[7,18],"tags":[],"_links":{"self":[{"href":"https:\/\/redaccion1.fcpolit.unr.edu.ar\/comision-reviglio\/wp-json\/wp\/v2\/posts\/1745"}],"collection":[{"href":"https:\/\/redaccion1.fcpolit.unr.edu.ar\/comision-reviglio\/wp-json\/wp\/v2\/posts"}],"about":[{"href":"https:\/\/redaccion1.fcpolit.unr.edu.ar\/comision-reviglio\/wp-json\/wp\/v2\/types\/post"}],"author":[{"embeddable":true,"href":"https:\/\/redaccion1.fcpolit.unr.edu.ar\/comision-reviglio\/wp-json\/wp\/v2\/users\/17"}],"replies":[{"embeddable":true,"href":"https:\/\/redaccion1.fcpolit.unr.edu.ar\/comision-reviglio\/wp-json\/wp\/v2\/comments?post=1745"}],"version-history":[{"count":0,"href":"https:\/\/redaccion1.fcpolit.unr.edu.ar\/comision-reviglio\/wp-json\/wp\/v2\/posts\/1745\/revisions"}],"wp:attachment":[{"href":"https:\/\/redaccion1.fcpolit.unr.edu.ar\/comision-reviglio\/wp-json\/wp\/v2\/media?parent=1745"}],"wp:term":[{"taxonomy":"category","embeddable":true,"href":"https:\/\/redaccion1.fcpolit.unr.edu.ar\/comision-reviglio\/wp-json\/wp\/v2\/categories?post=1745"},{"taxonomy":"post_tag","embeddable":true,"href":"https:\/\/redaccion1.fcpolit.unr.edu.ar\/comision-reviglio\/wp-json\/wp\/v2\/tags?post=1745"}],"curies":[{"name":"wp","href":"https:\/\/api.w.org\/{rel}","templated":true}]}}