{"id":1743,"date":"2020-08-18T13:01:33","date_gmt":"2020-08-18T13:01:33","guid":{"rendered":"http:\/\/blogs-fcpolit.unr.edu.ar\/redaccion1-reviglio\/?p=1743"},"modified":"2020-08-18T13:01:33","modified_gmt":"2020-08-18T13:01:33","slug":"clase-18-18-de-agosto","status":"publish","type":"post","link":"https:\/\/redaccion1.fcpolit.unr.edu.ar\/comision-reviglio\/2020\/08\/18\/clase-18-18-de-agosto\/","title":{"rendered":"Clase 18: 18 de agosto"},"content":{"rendered":"<p>Esta semana no trabajamos con encuentros sincr\u00f3nicos, pero publicamos dos vivos sobre <!--more--><\/p>\n<p>1.- Textos expositivos y periodismo de investigaci\u00f3n<br \/>\n2.- <a href=\"https:\/\/blogs-fcpolit.unr.edu.ar\/programa\/2020\/07\/29\/trabajo-practico-textos-expositivos\/\" rel=\"noopener\" target=\"_blank\">Trabajo pr\u00e1ctico integrador de esta parte de la unidad<\/a>, que es el primer avance del TP Final.<\/p>\n<p>Para ponerse a tono con estos temas, las lecturas sugeridas son: <a href=\"https:\/\/blogs-fcpolit.unr.edu.ar\/programa\/2020\/07\/29\/unidad-4-1-generos-expositivos-y-explicativos\/\" rel=\"noopener\" target=\"_blank\">Texto articulador Textos expositivos y explicativos <\/a> y la bibliograf\u00eda correspondiente: <a href=\"https:\/\/drive.google.com\/file\/d\/1OsXNNseQk-Nq4AhS34-PUNKNzre1IRyA\/view\" rel=\"noopener\" target=\"_blank\">Explorar el universo discursivo (sobre todo el apartado sobre discurso acad\u00e9mico)<\/a> ; y <a href=\"https:\/\/drive.google.com\/file\/d\/1vxtkHc_ZmTVcwUAUXePjmmIq7P8hAoDl\/view\" rel=\"noopener\" target=\"_blank\">Modelo de texto expositivo<\/a> de S\u00e1nchez Lobato.<br \/>\nLa semana siguiente avanzaremos con el tema de periodismo de investigaci\u00f3n. A este tema corresponden los textos <a href=\"https:\/\/drive.google.com\/file\/d\/1CW4FVsxvMWzdBFDHrSjIgH0Pibq9fWUL\/view\" rel=\"noopener\" target=\"_blank\">Periodismo de investigaci\u00f3n<\/a> de IPYS y UNESCO y <a href=\"https:\/\/drive.google.com\/file\/d\/1JUH0RSHtzSnNWpSV7sAVzPJOlxN5-OY8\/view\" rel=\"noopener\" target=\"_blank\">C\u00f3mo hacer periodismo de investigaci\u00f3n<\/a> por Rojas Delgado. A partir de la lectura de esos materiales y de la consulta atenta de las consignas del <a href=\"https:\/\/blogs-fcpolit.unr.edu.ar\/programa\/2020\/07\/29\/trabajo-practico-textos-expositivos\/\" rel=\"noopener\" target=\"_blank\">TP integrador unidad 4.1<\/a> deben ir pensando qu\u00e9 tema a grandes rasgos les interesar\u00eda trabajar.<\/p>\n<p>No importa si en principio el tema es amplio, la idea es ir esbozando un \u00e1rea de inter\u00e9s para ir delineando una problem\u00e1tica m\u00e1s puntual. Publicar\u00e9 un posteo especial para que vayan dejando la propuesta de tema (como hicimos con el integrador de la Unidad 1) que luego discutiremos en la sesi\u00f3n de Meet del martes pr\u00f3ximo a las 9:30 hs.<\/p>\n<p>La semana que viene publicar\u00e9 un video el lunes resumiendo y explicando el tema de c\u00f3mo se escribe una investigaci\u00f3n a partir del texto  <a href=\"https:\/\/drive.google.com\/file\/d\/1VsnEJvvR21j59DLmWkh0H4NOZdmi9bIy\/view\" rel=\"noopener\" target=\"_blank\">Redacci\u00f3n<\/a>, de Gerardo Reyes y continuaremos el martes a las 9:30 discutiendo sobre los temas para el trabajo (que tendr\u00e1 como fecha de entrega el 22\/9).<\/p>\n","protected":false},"excerpt":{"rendered":"<p>Esta semana no trabajamos con encuentros sincr\u00f3nicos, pero publicamos dos vivos sobre<\/p>\n","protected":false},"author":17,"featured_media":0,"comment_status":"open","ping_status":"open","sticky":false,"template":"","format":"standard","meta":{"footnotes":""},"categories":[7,18],"tags":[],"_links":{"self":[{"href":"https:\/\/redaccion1.fcpolit.unr.edu.ar\/comision-reviglio\/wp-json\/wp\/v2\/posts\/1743"}],"collection":[{"href":"https:\/\/redaccion1.fcpolit.unr.edu.ar\/comision-reviglio\/wp-json\/wp\/v2\/posts"}],"about":[{"href":"https:\/\/redaccion1.fcpolit.unr.edu.ar\/comision-reviglio\/wp-json\/wp\/v2\/types\/post"}],"author":[{"embeddable":true,"href":"https:\/\/redaccion1.fcpolit.unr.edu.ar\/comision-reviglio\/wp-json\/wp\/v2\/users\/17"}],"replies":[{"embeddable":true,"href":"https:\/\/redaccion1.fcpolit.unr.edu.ar\/comision-reviglio\/wp-json\/wp\/v2\/comments?post=1743"}],"version-history":[{"count":0,"href":"https:\/\/redaccion1.fcpolit.unr.edu.ar\/comision-reviglio\/wp-json\/wp\/v2\/posts\/1743\/revisions"}],"wp:attachment":[{"href":"https:\/\/redaccion1.fcpolit.unr.edu.ar\/comision-reviglio\/wp-json\/wp\/v2\/media?parent=1743"}],"wp:term":[{"taxonomy":"category","embeddable":true,"href":"https:\/\/redaccion1.fcpolit.unr.edu.ar\/comision-reviglio\/wp-json\/wp\/v2\/categories?post=1743"},{"taxonomy":"post_tag","embeddable":true,"href":"https:\/\/redaccion1.fcpolit.unr.edu.ar\/comision-reviglio\/wp-json\/wp\/v2\/tags?post=1743"}],"curies":[{"name":"wp","href":"https:\/\/api.w.org\/{rel}","templated":true}]}}