{"id":173,"date":"2008-09-16T12:12:47","date_gmt":"2008-09-16T12:12:47","guid":{"rendered":"http:\/\/fcpolit.unr.edu.ar\/blogs\/redaccion1-reviglio\/2008\/09\/16\/actividad-para-que-sirven-los-relatos\/"},"modified":"2008-09-16T12:12:47","modified_gmt":"2008-09-16T12:12:47","slug":"actividad-para-que-sirven-los-relatos","status":"publish","type":"post","link":"https:\/\/redaccion1.fcpolit.unr.edu.ar\/comision-reviglio\/2008\/09\/16\/actividad-para-que-sirven-los-relatos\/","title":{"rendered":"Actividad \u00bfPara qu\u00e9 sirven los relatos?"},"content":{"rendered":"<p><img loading=\"lazy\" decoding=\"async\" alt=\"Ni%F1o%20keyendo%20en%20la%20vereda.jpg\" src=\"http:\/\/www.bdp.org.ar\/facultad\/catedras\/comsoc\/redaccion1\/reviglio\/Ni%F1o%20keyendo%20en%20la%20vereda.jpg\" width=\"91\" height=\"91\" \/><br \/>\nEn el texto \u201cLa inteligibilidad narrativa\u201d, Iv\u00e1n Almeida justifica la existencia de los relatos por dos motivos:<br \/>\n\u2022\tporque \u201cabren un abanico de mundos posibles en los que el cuerpo puede (\u2026) elegir la memoria que har\u00e1 vivir su presente\u201d y<br \/>\n\u2022\tdomestican el sufrimiento: \u201cSi puedo contarme lo que he perdido, he encontrado una forma diferente de poseerlo para siempre\u201d<\/p>\n<p><!--more--><br \/>\nA partir de tu experiencia como lector, tus recuerdos de los primeros cuentos que te contaban o que le\u00edas, y tambi\u00e9n de tu experiencia como novel escritor, redact\u00e1 un texto en el que respondas la pregunta que Almeida se realiza.<\/p>\n","protected":false},"excerpt":{"rendered":"<p>En el texto \u201cLa inteligibilidad narrativa\u201d, Iv\u00e1n Almeida justifica la existencia de los relatos por dos motivos: \u2022 porque \u201cabren un abanico de mundos posibles en los que el cuerpo puede (\u2026) elegir la memoria que har\u00e1 vivir su presente\u201d y \u2022 domestican el sufrimiento: \u201cSi puedo contarme lo que he perdido, he encontrado una [&hellip;]<\/p>\n","protected":false},"author":27,"featured_media":0,"comment_status":"open","ping_status":"closed","sticky":false,"template":"","format":"standard","meta":{"footnotes":""},"categories":[11],"tags":[],"_links":{"self":[{"href":"https:\/\/redaccion1.fcpolit.unr.edu.ar\/comision-reviglio\/wp-json\/wp\/v2\/posts\/173"}],"collection":[{"href":"https:\/\/redaccion1.fcpolit.unr.edu.ar\/comision-reviglio\/wp-json\/wp\/v2\/posts"}],"about":[{"href":"https:\/\/redaccion1.fcpolit.unr.edu.ar\/comision-reviglio\/wp-json\/wp\/v2\/types\/post"}],"author":[{"embeddable":true,"href":"https:\/\/redaccion1.fcpolit.unr.edu.ar\/comision-reviglio\/wp-json\/wp\/v2\/users\/27"}],"replies":[{"embeddable":true,"href":"https:\/\/redaccion1.fcpolit.unr.edu.ar\/comision-reviglio\/wp-json\/wp\/v2\/comments?post=173"}],"version-history":[{"count":0,"href":"https:\/\/redaccion1.fcpolit.unr.edu.ar\/comision-reviglio\/wp-json\/wp\/v2\/posts\/173\/revisions"}],"wp:attachment":[{"href":"https:\/\/redaccion1.fcpolit.unr.edu.ar\/comision-reviglio\/wp-json\/wp\/v2\/media?parent=173"}],"wp:term":[{"taxonomy":"category","embeddable":true,"href":"https:\/\/redaccion1.fcpolit.unr.edu.ar\/comision-reviglio\/wp-json\/wp\/v2\/categories?post=173"},{"taxonomy":"post_tag","embeddable":true,"href":"https:\/\/redaccion1.fcpolit.unr.edu.ar\/comision-reviglio\/wp-json\/wp\/v2\/tags?post=173"}],"curies":[{"name":"wp","href":"https:\/\/api.w.org\/{rel}","templated":true}]}}