{"id":1707,"date":"2020-05-26T15:19:21","date_gmt":"2020-05-26T15:19:21","guid":{"rendered":"http:\/\/fcpolit.unr.edu.ar\/blogs\/redaccion1-reviglio\/?p=1707"},"modified":"2020-05-26T15:19:21","modified_gmt":"2020-05-26T15:19:21","slug":"novedades-sobre-el-parcial","status":"publish","type":"post","link":"https:\/\/redaccion1.fcpolit.unr.edu.ar\/comision-reviglio\/2020\/05\/26\/novedades-sobre-el-parcial\/","title":{"rendered":"NOVEDADES SOBRE EL PARCIAL"},"content":{"rendered":"<p>En reuni\u00f3n de c\u00e1tedra, la semana pasada definimos que el 6 de julio tomaremos el primer parcial de Redacci\u00f3n 1. Se evaluar\u00e1n las unidades 1 y 2 con la siguiente modalidad:<!--more--><\/p>\n<p>El lunes 6 de julio por la ma\u00f1ana se subir\u00e1 al grupo de facebook las consignas de trabajo. Se tratar\u00e1 de consignas de reflexi\u00f3n respecto de la bibliograf\u00eda, con lo cual deber\u00e1n tener los textos le\u00eddos y comprendidos (hoy trabajamos sobre la idea de compresi\u00f3n) previamente para trabajar.<br \/>\nEse mismo lunes antes de las 12 de la noche (y en esta oportunidad, dado que se trata de un parcial seremos muy estrictos con la hora del env\u00edo) deber\u00e1n enviar por mail el parcial realizado.<\/p>\n","protected":false},"excerpt":{"rendered":"<p>En reuni\u00f3n de c\u00e1tedra, la semana pasada definimos que el 6 de julio tomaremos el primer parcial de Redacci\u00f3n 1. Se evaluar\u00e1n las unidades 1 y 2 con la siguiente modalidad:<\/p>\n","protected":false},"author":17,"featured_media":0,"comment_status":"open","ping_status":"open","sticky":false,"template":"","format":"standard","meta":{"footnotes":""},"categories":[7,20],"tags":[],"_links":{"self":[{"href":"https:\/\/redaccion1.fcpolit.unr.edu.ar\/comision-reviglio\/wp-json\/wp\/v2\/posts\/1707"}],"collection":[{"href":"https:\/\/redaccion1.fcpolit.unr.edu.ar\/comision-reviglio\/wp-json\/wp\/v2\/posts"}],"about":[{"href":"https:\/\/redaccion1.fcpolit.unr.edu.ar\/comision-reviglio\/wp-json\/wp\/v2\/types\/post"}],"author":[{"embeddable":true,"href":"https:\/\/redaccion1.fcpolit.unr.edu.ar\/comision-reviglio\/wp-json\/wp\/v2\/users\/17"}],"replies":[{"embeddable":true,"href":"https:\/\/redaccion1.fcpolit.unr.edu.ar\/comision-reviglio\/wp-json\/wp\/v2\/comments?post=1707"}],"version-history":[{"count":0,"href":"https:\/\/redaccion1.fcpolit.unr.edu.ar\/comision-reviglio\/wp-json\/wp\/v2\/posts\/1707\/revisions"}],"wp:attachment":[{"href":"https:\/\/redaccion1.fcpolit.unr.edu.ar\/comision-reviglio\/wp-json\/wp\/v2\/media?parent=1707"}],"wp:term":[{"taxonomy":"category","embeddable":true,"href":"https:\/\/redaccion1.fcpolit.unr.edu.ar\/comision-reviglio\/wp-json\/wp\/v2\/categories?post=1707"},{"taxonomy":"post_tag","embeddable":true,"href":"https:\/\/redaccion1.fcpolit.unr.edu.ar\/comision-reviglio\/wp-json\/wp\/v2\/tags?post=1707"}],"curies":[{"name":"wp","href":"https:\/\/api.w.org\/{rel}","templated":true}]}}