{"id":1697,"date":"2020-05-19T12:45:54","date_gmt":"2020-05-19T12:45:54","guid":{"rendered":"http:\/\/fcpolit.unr.edu.ar\/blogs\/redaccion1-reviglio\/?p=1697"},"modified":"2020-05-19T12:45:54","modified_gmt":"2020-05-19T12:45:54","slug":"trabajo-practico-n-3-planificar-y-redactar","status":"publish","type":"post","link":"https:\/\/redaccion1.fcpolit.unr.edu.ar\/comision-reviglio\/2020\/05\/19\/trabajo-practico-n-3-planificar-y-redactar\/","title":{"rendered":"Trabajo Pr\u00e1ctico N\u00b0 3: Planificar y redactar"},"content":{"rendered":"<p>Tal como vinimos conversando, el TP 3 tiene la caracter\u00edstica de ser el trabajo integrador de la Unidad 1. <!--more--><\/p>\n<p>Por eso dimos la consigna con tiempo para poder trabajar con comodidad y planificadamente.<br \/>\nSi bien la consigna del trabajo est\u00e1 <a href=\"https:\/\/blogs-fcpolit.unr.edu.ar\/programa\/2020\/03\/08\/trabajo-practico-1-planificar-y-redactar\/\">aqu\u00ed<\/a>, daremos en este posteo algunas precisiones que no est\u00e1n consignadas en la consigna:<\/p>\n<p>Aspectos formales del texto definitivo a entregar :Hoja A4, Fuente 12, interlineado 1.5, m\u00e1rgenes normales, extensi\u00f3n de dos a tres p\u00e1ginas (en el caso de necesitar mayor extensi\u00f3n, pueden usar una p\u00e1gina m\u00e1s. La extensi\u00f3n m\u00ednima, en cambio, es innegociable: 2 p\u00e1ginas)<\/p>\n<p>Atenci\u00f3n: No s\u00f3lo deben entregar el texto definitivo, sino todo el proceso realizado, paso a paso, tal como se pide en la consigna.<\/p>\n<p>Fecha y modalidad de entrega: 29 de mayo como archivo de word adjunto al correo ceciliareviglio@hotmail.com<\/p>\n","protected":false},"excerpt":{"rendered":"<p>Tal como vinimos conversando, el TP 3 tiene la caracter\u00edstica de ser el trabajo integrador de la Unidad 1.<\/p>\n","protected":false},"author":17,"featured_media":0,"comment_status":"open","ping_status":"open","sticky":false,"template":"","format":"standard","meta":{"footnotes":""},"categories":[1],"tags":[],"_links":{"self":[{"href":"https:\/\/redaccion1.fcpolit.unr.edu.ar\/comision-reviglio\/wp-json\/wp\/v2\/posts\/1697"}],"collection":[{"href":"https:\/\/redaccion1.fcpolit.unr.edu.ar\/comision-reviglio\/wp-json\/wp\/v2\/posts"}],"about":[{"href":"https:\/\/redaccion1.fcpolit.unr.edu.ar\/comision-reviglio\/wp-json\/wp\/v2\/types\/post"}],"author":[{"embeddable":true,"href":"https:\/\/redaccion1.fcpolit.unr.edu.ar\/comision-reviglio\/wp-json\/wp\/v2\/users\/17"}],"replies":[{"embeddable":true,"href":"https:\/\/redaccion1.fcpolit.unr.edu.ar\/comision-reviglio\/wp-json\/wp\/v2\/comments?post=1697"}],"version-history":[{"count":0,"href":"https:\/\/redaccion1.fcpolit.unr.edu.ar\/comision-reviglio\/wp-json\/wp\/v2\/posts\/1697\/revisions"}],"wp:attachment":[{"href":"https:\/\/redaccion1.fcpolit.unr.edu.ar\/comision-reviglio\/wp-json\/wp\/v2\/media?parent=1697"}],"wp:term":[{"taxonomy":"category","embeddable":true,"href":"https:\/\/redaccion1.fcpolit.unr.edu.ar\/comision-reviglio\/wp-json\/wp\/v2\/categories?post=1697"},{"taxonomy":"post_tag","embeddable":true,"href":"https:\/\/redaccion1.fcpolit.unr.edu.ar\/comision-reviglio\/wp-json\/wp\/v2\/tags?post=1697"}],"curies":[{"name":"wp","href":"https:\/\/api.w.org\/{rel}","templated":true}]}}