{"id":1691,"date":"2020-05-11T23:56:29","date_gmt":"2020-05-11T23:56:29","guid":{"rendered":"http:\/\/fcpolit.unr.edu.ar\/blogs\/redaccion1-reviglio\/?p=1691"},"modified":"2020-05-11T23:56:29","modified_gmt":"2020-05-11T23:56:29","slug":"trabajo-practico-n-2-actos-dichos-fuentes","status":"publish","type":"post","link":"https:\/\/redaccion1.fcpolit.unr.edu.ar\/comision-reviglio\/2020\/05\/11\/trabajo-practico-n-2-actos-dichos-fuentes\/","title":{"rendered":"Trabajo Pr\u00e1ctico N\u00b0 2: Actos, dichos, fuentes"},"content":{"rendered":"<p><a href=\"https:\/\/blogs.fcpolit.unr.edu.ar\/redaccion1-reviglio\/files\/2020\/05\/Fuentes.jpg\"><img loading=\"lazy\" decoding=\"async\" src=\"https:\/\/blogs.fcpolit.unr.edu.ar\/redaccion1-reviglio\/files\/2020\/05\/Fuentes-300x225.jpg\" alt=\"\" width=\"300\" height=\"225\" class=\"alignleft size-medium wp-image-1692\" \/><\/a><strong>Objetivos: <\/strong><br \/>\nReconocer la dimensi\u00f3n pragm\u00e1tica en los textos period\u00edsticos<br \/>\nIdentificar las fuentes de informaci\u00f3n de las noticias<br \/>\n<!--more--><\/p>\n<p><strong>Consigna:<\/strong><br \/>\n1.- Explor\u00e1 los diarios de la \u00faltima semana y seleccion\u00e1 dos noticias en las que se expliciten las fuentes de informaci\u00f3n (en lo posible, eleg\u00ed aquellas noticias en las que haya m\u00e1s de una fuente) y que tenga algunos comentarios de lectores. Consign\u00e1 de cada una el t\u00edtulo, el medio en el que fue publicado y el enlace correspondiente.<\/p>\n<p>2.- Sobre la dimensi\u00f3n pragm\u00e1tica de los textos:<br \/>\na.- Identific\u00e1 en cada uno de los textos seleccionados, el <a href=\"https:\/\/drive.google.com\/file\/d\/1IVZRBA5qDfMd50r7rmWOVs7xRksX1QJp\/view\" rel=\"noopener\" target=\"_blank\">acto de habla<\/a> global, es decir, la acci\u00f3n principal que se lleva a cabo a trav\u00e9s del lenguaje.<br \/>\nb.- Reconoc\u00e9, si los hay, microactos o actos de habla locales realizados en la nota.<br \/>\nc.- En una de las notas, reconoc\u00e9 los actos de habla realizados en dos o tres comentarios. Copi\u00e1 los comentarios y al lado, dec\u00ed qu\u00e9 acto de habla est\u00e1n realizando.<\/p>\n<p>3.- Sobre fuentes de informaci\u00f3n, eleg\u00ed uno de los dos textos utilizados en la consigna anterior:<br \/>\na.- Reconoc\u00e9 las fuentes de informaci\u00f3n presentes en la nota elegida. Listalas e indic\u00e1 en cada caso, el tipo de atribuci\u00f3n (<a href=\"https:\/\/drive.google.com\/file\/d\/117KL6KksoBB9lLkxm4zI4HiLk-l2bqox\/view\" rel=\"noopener\" target=\"_blank\">Fontcuberta<\/a>, 2011) y el modo en que se refiere a cada una de ellas.<\/p>\n<p><strong>Fecha l\u00edmite y modo de entrega: martes 19 de mayo en archivo adjunto al correo electr\u00f3nico ceciliareviglio@hotmail.com <\/strong><\/p>\n","protected":false},"excerpt":{"rendered":"<p>Objetivos: Reconocer la dimensi\u00f3n pragm\u00e1tica en los textos period\u00edsticos Identificar las fuentes de informaci\u00f3n de las noticias<\/p>\n","protected":false},"author":17,"featured_media":0,"comment_status":"open","ping_status":"open","sticky":false,"template":"","format":"standard","meta":{"footnotes":""},"categories":[7,39],"tags":[],"_links":{"self":[{"href":"https:\/\/redaccion1.fcpolit.unr.edu.ar\/comision-reviglio\/wp-json\/wp\/v2\/posts\/1691"}],"collection":[{"href":"https:\/\/redaccion1.fcpolit.unr.edu.ar\/comision-reviglio\/wp-json\/wp\/v2\/posts"}],"about":[{"href":"https:\/\/redaccion1.fcpolit.unr.edu.ar\/comision-reviglio\/wp-json\/wp\/v2\/types\/post"}],"author":[{"embeddable":true,"href":"https:\/\/redaccion1.fcpolit.unr.edu.ar\/comision-reviglio\/wp-json\/wp\/v2\/users\/17"}],"replies":[{"embeddable":true,"href":"https:\/\/redaccion1.fcpolit.unr.edu.ar\/comision-reviglio\/wp-json\/wp\/v2\/comments?post=1691"}],"version-history":[{"count":0,"href":"https:\/\/redaccion1.fcpolit.unr.edu.ar\/comision-reviglio\/wp-json\/wp\/v2\/posts\/1691\/revisions"}],"wp:attachment":[{"href":"https:\/\/redaccion1.fcpolit.unr.edu.ar\/comision-reviglio\/wp-json\/wp\/v2\/media?parent=1691"}],"wp:term":[{"taxonomy":"category","embeddable":true,"href":"https:\/\/redaccion1.fcpolit.unr.edu.ar\/comision-reviglio\/wp-json\/wp\/v2\/categories?post=1691"},{"taxonomy":"post_tag","embeddable":true,"href":"https:\/\/redaccion1.fcpolit.unr.edu.ar\/comision-reviglio\/wp-json\/wp\/v2\/tags?post=1691"}],"curies":[{"name":"wp","href":"https:\/\/api.w.org\/{rel}","templated":true}]}}