{"id":1687,"date":"2020-05-05T14:57:01","date_gmt":"2020-05-05T14:57:01","guid":{"rendered":"http:\/\/fcpolit.unr.edu.ar\/blogs\/redaccion1-reviglio\/?p=1687"},"modified":"2020-05-05T14:57:01","modified_gmt":"2020-05-05T14:57:01","slug":"quinta-clase-5-de-mayo","status":"publish","type":"post","link":"https:\/\/redaccion1.fcpolit.unr.edu.ar\/comision-reviglio\/2020\/05\/05\/quinta-clase-5-de-mayo\/","title":{"rendered":"Quinta clase: 5 de mayo"},"content":{"rendered":"<p><a href=\"https:\/\/blogs.fcpolit.unr.edu.ar\/redaccion1-reviglio\/files\/2020\/05\/Muguet-de-mai.jpg\"><img loading=\"lazy\" decoding=\"async\" src=\"https:\/\/blogs.fcpolit.unr.edu.ar\/redaccion1-reviglio\/files\/2020\/05\/Muguet-de-mai.jpg\" alt=\"\" width=\"225\" height=\"225\" class=\"alignleft size-full wp-image-1688\" \/><\/a>Hoy comenzamos la clase a las 8 respondiendo dudas sobre <a href=\"https:\/\/drive.google.com\/file\/d\/1IVZRBA5qDfMd50r7rmWOVs7xRksX1QJp\/view?usp=sharing\" rel=\"noopener\" target=\"_blank\">el texto de John Austin<\/a>. Recomiendo la lectura de las preguntas que hicieron Abril y Melisa  y sus respuestas porque pueden ayudarlos a comprender mejor el tema y su relaci\u00f3n con la materia (la semana que viene, no obstante, grabar\u00e9 un video en vivo sobre el tema para terminar de aclararlo).<!--more--><\/p>\n<p>M\u00e1s tarde, ya con el sol despuntando en un amanecer que hab\u00eda empezado gris, empezamos nuestro encuentro v\u00eda Meet. All\u00ed hice algunas aclaraciones sobre lo que va a ser el trabajo integrador de la Unidad 1. Pueden consultar su consigna en <a href=\"https:\/\/blogs-fcpolit.unr.edu.ar\/programa\/2020\/03\/08\/trabajo-practico-1-planificar-y-redactar\/\" rel=\"noopener\" target=\"_blank\">este enlace<\/a>. Si bien la fecha de entrega ser\u00eda el viernes 29\/5, es importante empezar a pensar el tema sobre el que van a trabajar y realizar consultas para no trabajar en vano. Para ello, habilitaremos un posteo (2\/3) en el que entre esta semana y la siguiente, deber\u00e1n publicar sus propuestas de tema para que pueda responderlas y discutirlas a partir del martes que viene.<br \/>\nUna vez explicado esto, pasamos a un hermoso momento de encuentro en el que cada uno ley\u00f3 el texto que quer\u00eda compartir y cont\u00f3 por qu\u00e9 lo hab\u00eda elegido. Ahora esa actividad debe continuar (para todos, los que pudieron estar presentes y los que no), publicando el texto y el porqu\u00e9 de la elecci\u00f3n en el posteo 2\/3 de la semana pasada en el que Juan public\u00f3 un video donde le\u00eda un fragmento del texto de Fontanarrosa que hab\u00eda elegido. La idea es construir una comunidad de lectores en la que podamos compartir con los otros textos que, tal vez, no conocen y pueden interesarle.<br \/>\nLa semana que viene vamos a dedicarle la primera parte de la clase a grabar un video en vivo para retomar y cerrar el tema de actos de habla. En la segunda parte, a partir de las 9 hs, vamos a responder dudas a trav\u00e9s de comentarios al posteo 3\/3 sobre los textos <a href=\"https:\/\/drive.google.com\/file\/d\/117KL6KksoBB9lLkxm4zI4HiLk-l2bqox\/view?usp=sharing\" rel=\"noopener\" target=\"_blank\">El valor de la informaci\u00f3n<\/a>, de Mar de Foncuberta y <a href=\"https:\/\/drive.google.com\/file\/d\/1AZZDdkVCSBlk2igEpmpRm_pswKmtYVNU\/view?usp=sharing\" rel=\"noopener\" target=\"_blank\">El proceso de b\u00fasqueda de fuentes<\/a>, de Pepe Rodr\u00edguez, ambos textos sobre el tema de Fuentes de informaci\u00f3n. Les recordamos, adem\u00e1s, que sobre ambos textos hay disponibles <a href=\"https:\/\/blogs-fcpolit.unr.edu.ar\/programa\/2020\/03\/31\/guias-de-lectura-de-la-bibliografia-de-la-unidad-1\/\" rel=\"noopener\" target=\"_blank\">gu\u00edas de lectura<\/a>.<br \/>\nLuego, tambi\u00e9n daremos la consigna del TP N\u00b0 2 cuya fecha de entrega ser\u00e1 el 19\/4.<\/p>\n","protected":false},"excerpt":{"rendered":"<p>Hoy comenzamos la clase a las 8 respondiendo dudas sobre el texto de John Austin. Recomiendo la lectura de las preguntas que hicieron Abril y Melisa y sus respuestas porque pueden ayudarlos a comprender mejor el tema y su relaci\u00f3n con la materia (la semana que viene, no obstante, grabar\u00e9 un video en vivo sobre [&hellip;]<\/p>\n","protected":false},"author":17,"featured_media":0,"comment_status":"open","ping_status":"open","sticky":false,"template":"","format":"standard","meta":{"footnotes":""},"categories":[7,18],"tags":[],"_links":{"self":[{"href":"https:\/\/redaccion1.fcpolit.unr.edu.ar\/comision-reviglio\/wp-json\/wp\/v2\/posts\/1687"}],"collection":[{"href":"https:\/\/redaccion1.fcpolit.unr.edu.ar\/comision-reviglio\/wp-json\/wp\/v2\/posts"}],"about":[{"href":"https:\/\/redaccion1.fcpolit.unr.edu.ar\/comision-reviglio\/wp-json\/wp\/v2\/types\/post"}],"author":[{"embeddable":true,"href":"https:\/\/redaccion1.fcpolit.unr.edu.ar\/comision-reviglio\/wp-json\/wp\/v2\/users\/17"}],"replies":[{"embeddable":true,"href":"https:\/\/redaccion1.fcpolit.unr.edu.ar\/comision-reviglio\/wp-json\/wp\/v2\/comments?post=1687"}],"version-history":[{"count":0,"href":"https:\/\/redaccion1.fcpolit.unr.edu.ar\/comision-reviglio\/wp-json\/wp\/v2\/posts\/1687\/revisions"}],"wp:attachment":[{"href":"https:\/\/redaccion1.fcpolit.unr.edu.ar\/comision-reviglio\/wp-json\/wp\/v2\/media?parent=1687"}],"wp:term":[{"taxonomy":"category","embeddable":true,"href":"https:\/\/redaccion1.fcpolit.unr.edu.ar\/comision-reviglio\/wp-json\/wp\/v2\/categories?post=1687"},{"taxonomy":"post_tag","embeddable":true,"href":"https:\/\/redaccion1.fcpolit.unr.edu.ar\/comision-reviglio\/wp-json\/wp\/v2\/tags?post=1687"}],"curies":[{"name":"wp","href":"https:\/\/api.w.org\/{rel}","templated":true}]}}