{"id":1677,"date":"2020-04-28T15:33:48","date_gmt":"2020-04-28T15:33:48","guid":{"rendered":"http:\/\/fcpolit.unr.edu.ar\/blogs\/redaccion1-reviglio\/?p=1677"},"modified":"2020-04-28T15:33:48","modified_gmt":"2020-04-28T15:33:48","slug":"cuarta-clase-28-de-abril","status":"publish","type":"post","link":"https:\/\/redaccion1.fcpolit.unr.edu.ar\/comision-reviglio\/2020\/04\/28\/cuarta-clase-28-de-abril\/","title":{"rendered":"Cuarta clase: 28 de abril"},"content":{"rendered":"<p><a href=\"https:\/\/blogs.fcpolit.unr.edu.ar\/redaccion1-reviglio\/files\/2020\/04\/DSCN1974.jpg\"><img loading=\"lazy\" decoding=\"async\" src=\"https:\/\/blogs.fcpolit.unr.edu.ar\/redaccion1-reviglio\/files\/2020\/04\/DSCN1974-225x300.jpg\" alt=\"\" width=\"225\" height=\"300\" class=\"alignleft size-medium wp-image-1678\" \/><\/a><br \/>\nHoy comenzamos la clase m\u00e1s tarde y con lluvia. A las 9 en punto empezamos un video en vivo que pretendi\u00f3 cerrar los textos y temas trabajados hasta el momento, para armar una suerte de recorrido y de articulaci\u00f3n entre los textos le\u00eddos hasta ahora:  <!--more--><\/p>\n<p><a href=\"https:\/\/drive.google.com\/file\/d\/1By_5j3lwdSpBJZ2NQZuK8NbdWRw8HtO7\/view\">Los procesos de escritura. Abordaje comunicacional<\/a>, de Mar\u00eda Antonia Teodosio; <a href=\"https:\/\/drive.google.com\/file\/d\/1o4d5qEcjVQGdb5zs0NgEF22u8qWF8Tq6\/view\">La escritura digital<\/a>, de Javier D\u00edaz Noci y <a href=\"https:\/\/drive.google.com\/file\/d\/11Ti9XHwaDhj6lfPEJxMF5OmGQAMSZXTU\/view\">Lenguajes period\u00edsticos<\/a>, de Joao Canavilhas; <a href=\"https:\/\/drive.google.com\/file\/d\/1l03-ifZ3KpTGJvB2BVMKjPJrYChK8RXl\/view?usp=sharing\">Estrategias de composici\u00f3n<\/a>, de Anal\u00eda Reale; <a href=\"https:\/\/drive.google.com\/file\/d\/1Qkhc_DgYV-X0kkI9sOAXi9dtltSuX2mc\/view\">Leer como un escritor<\/a>; <a href=\"https:\/\/drive.google.com\/file\/d\/1IKZ7I_yrQj5demq0qrmOJsfRGx1i_N1c\/view\">Las prosas de escritor y lector<\/a>; y <a href=\"https:\/\/drive.google.com\/file\/d\/1hE49KX_ncJUBZEwdBWKumta2MPk8d6Jy\/view\">Escribir sin prejuicios<\/a>, de Daniel Cassany y<a href=\"https:\/\/drive.google.com\/file\/d\/1yOdkBE-Gt_EeVLn-4xzMp-WCaCliNxkT\/view?usp=sharing\"> Caja de herramientas<\/a>, de Stephen King. Los que no lo vieron en ese momento o quieren volver a revisar alguna cuesti\u00f3n, qued\u00f3 grabado en el grupo.<\/p>\n<p>A las 10 nos mudamos a la plataforma Meet para una devoluci\u00f3n general del TP 1. Tambi\u00e9n indicamos c\u00f3mo vamos a trabajar la semana que viene.<\/p>\n<p>En esta semana deben leer el fragmento seleccionado del libro <a href=\"https:\/\/drive.google.com\/file\/d\/1IVZRBA5qDfMd50r7rmWOVs7xRksX1QJp\/view\">\u00bfC\u00f3mo hacer cosas con palabras?<\/a>, de John Austin. Sobre este trabajo tambi\u00e9n tienen una gu\u00eda para responder. Entre las 8 y las 9:30 responder\u00e9 preguntas y comentarios sobre el texto y a las 9:30 hs pasaremos a un encuentro v\u00eda Meet para compartir los resultados del <a href=\"https:\/\/blogs-fcpolit.unr.edu.ar\/redaccion1-reviglio\/2020\/04\/28\/tercer-ejercicio-lecturas-compartidas\/\">Ejercicio tres.<\/a><\/p>\n<p>Tambi\u00e9n les sugiero que empiecen a revisar la consigna del <a href=\"https:\/\/blogs-fcpolit.unr.edu.ar\/programa\/2020\/03\/08\/trabajo-practico-1-planificar-y-redactar\/\">TP integrador de esta primera unidad<\/a> para que puedan ir consultando sobre el tema. No desesperen con este TP porque nos queda un TP m\u00e1s antes. Falta, pero es bueno ir pens\u00e1ndolo.<\/p>\n","protected":false},"excerpt":{"rendered":"<p>Hoy comenzamos la clase m\u00e1s tarde y con lluvia. A las 9 en punto empezamos un video en vivo que pretendi\u00f3 cerrar los textos y temas trabajados hasta el momento, para armar una suerte de recorrido y de articulaci\u00f3n entre los textos le\u00eddos hasta ahora:<\/p>\n","protected":false},"author":17,"featured_media":0,"comment_status":"open","ping_status":"open","sticky":false,"template":"","format":"standard","meta":{"footnotes":""},"categories":[7,18],"tags":[],"_links":{"self":[{"href":"https:\/\/redaccion1.fcpolit.unr.edu.ar\/comision-reviglio\/wp-json\/wp\/v2\/posts\/1677"}],"collection":[{"href":"https:\/\/redaccion1.fcpolit.unr.edu.ar\/comision-reviglio\/wp-json\/wp\/v2\/posts"}],"about":[{"href":"https:\/\/redaccion1.fcpolit.unr.edu.ar\/comision-reviglio\/wp-json\/wp\/v2\/types\/post"}],"author":[{"embeddable":true,"href":"https:\/\/redaccion1.fcpolit.unr.edu.ar\/comision-reviglio\/wp-json\/wp\/v2\/users\/17"}],"replies":[{"embeddable":true,"href":"https:\/\/redaccion1.fcpolit.unr.edu.ar\/comision-reviglio\/wp-json\/wp\/v2\/comments?post=1677"}],"version-history":[{"count":0,"href":"https:\/\/redaccion1.fcpolit.unr.edu.ar\/comision-reviglio\/wp-json\/wp\/v2\/posts\/1677\/revisions"}],"wp:attachment":[{"href":"https:\/\/redaccion1.fcpolit.unr.edu.ar\/comision-reviglio\/wp-json\/wp\/v2\/media?parent=1677"}],"wp:term":[{"taxonomy":"category","embeddable":true,"href":"https:\/\/redaccion1.fcpolit.unr.edu.ar\/comision-reviglio\/wp-json\/wp\/v2\/categories?post=1677"},{"taxonomy":"post_tag","embeddable":true,"href":"https:\/\/redaccion1.fcpolit.unr.edu.ar\/comision-reviglio\/wp-json\/wp\/v2\/tags?post=1677"}],"curies":[{"name":"wp","href":"https:\/\/api.w.org\/{rel}","templated":true}]}}