{"id":1670,"date":"2020-04-21T15:04:31","date_gmt":"2020-04-21T15:04:31","guid":{"rendered":"http:\/\/fcpolit.unr.edu.ar\/blogs\/redaccion1-reviglio\/?p=1670"},"modified":"2020-04-21T15:04:31","modified_gmt":"2020-04-21T15:04:31","slug":"tercera-clase-21-de-abril","status":"publish","type":"post","link":"https:\/\/redaccion1.fcpolit.unr.edu.ar\/comision-reviglio\/2020\/04\/21\/tercera-clase-21-de-abril\/","title":{"rendered":"Tercera clase: 21 de abril"},"content":{"rendered":"<p>Hoy empezamos la clase como la semana pasada, con consultas (aunque hubo pocas) en el grupo de facebook, sobre los textos de  Anal\u00eda Reale; Daniel  Cassany y Stephen King.<!--more--><\/p>\n<p>Pero a las 10 hs, nos mudamos a la plataforma de Meet para nuestro primer encuentro sincr\u00f3nico. Veintitr\u00e9s almas entre estudiantes, ayudante alumno y profesora se encontraron en un espacio virtual para conversar, verse y escucharse (en algunos casos) y discutir sobre las respuestas al <a href=\"https:\/\/blogs-fcpolit.unr.edu.ar\/redaccion1-reviglio\/2020\/04\/14\/ejercicio-actividad-de-escritura\/\">segundo ejercicio de escritura<\/a>, sobre el tema de la tan mentada \u201cobjetividad\u201d a partir de dos notas seleccionadas por Juan y sobre c\u00f3mo seguir el trabajo.<br \/>\nPor lo pronto, para la semana pr\u00f3xima no hay textos nuevos para leer, pero s\u00ed un <a href=\"https:\/\/blogs-fcpolit.unr.edu.ar\/redaccion1-reviglio\/2020\/04\/21\/trabajo-practico-n-1-estrategias-de-composicion-borradores-y-redaccion-a-partir-de-un-problema-retorico-dado\/\">trabajo pr\u00e1ctico<\/a>, nuestro primer trabajo pr\u00e1ctico para realizar.<\/p>\n<p>Para la clase del martes 28 les propongo una modalidad diferente. El martes a las 9 hs, voy a conectarme para grabar un vivo como en la primera clase, para cerrar los temas que vimos hasta aqu\u00ed, pero retomando sus dudas, consultas, etc. respecto de los siguientes textos:<br \/>\n<a href=\"https:\/\/drive.google.com\/file\/d\/1By_5j3lwdSpBJZ2NQZuK8NbdWRw8HtO7\/view\">Los procesos de escritura. Abordaje comunicacional<\/a>, de Mar\u00eda Antonia Teodosio; <a href=\"https:\/\/drive.google.com\/file\/d\/1o4d5qEcjVQGdb5zs0NgEF22u8qWF8Tq6\/view\">La escritura digital<\/a>, de Javier D\u00edaz Noci y <a href=\"https:\/\/drive.google.com\/file\/d\/11Ti9XHwaDhj6lfPEJxMF5OmGQAMSZXTU\/view\">Lenguajes period\u00edsticos<\/a>, de Joao Canavilhas; E<a href=\"https:\/\/drive.google.com\/file\/d\/1l03-ifZ3KpTGJvB2BVMKjPJrYChK8RXl\/view?usp=sharing\">strategias de composici\u00f3n<\/a>, de Anal\u00eda Reale;<br \/>\n<a href=\"https:\/\/drive.google.com\/file\/d\/1Qkhc_DgYV-X0kkI9sOAXi9dtltSuX2mc\/view\">Leer como un escritor<\/a>; <a href=\"https:\/\/drive.google.com\/file\/d\/1IKZ7I_yrQj5demq0qrmOJsfRGx1i_N1c\/view\">Las prosas de escritor y lector<\/a>; y <a href=\"https:\/\/drive.google.com\/file\/d\/1hE49KX_ncJUBZEwdBWKumta2MPk8d6Jy\/view\">Escribir sin prejuicios<\/a>, de Daniel  Cassany y <a href=\"https:\/\/drive.google.com\/file\/d\/1yOdkBE-Gt_EeVLn-4xzMp-WCaCliNxkT\/view?usp=sharing\">Caja de herramientas<\/a>, de Stephen King.<br \/>\nDurante estos d\u00edas, pueden ir dejando consultas o temas que no hayan quedado claros en un posteo que habr\u00e1 en el grupo de Facebook para eso, as\u00ed puedo recuperarlos con mayor precisi\u00f3n en el video de las 9 hs.<br \/>\nA las 10, volveremos a encontrarnos en la plataforma de Meet como hoy.<\/p>\n<p>Tambi\u00e9n les sugiero, por puro placer, que visiten una <a href=\"https:\/\/drive.google.com\/drive\/u\/2\/folders\/1x2yEb_YoJ7ICBllroLP1q_ckHlZp_EbL\">serie de textos<\/a> que reunimos donde algunos escritores cuentan c\u00f3mo llevan a cabo su trabajo. <\/p>\n","protected":false},"excerpt":{"rendered":"<p>Hoy empezamos la clase como la semana pasada, con consultas (aunque hubo pocas) en el grupo de facebook, sobre los textos de Anal\u00eda Reale; Daniel Cassany y Stephen King.<\/p>\n","protected":false},"author":17,"featured_media":0,"comment_status":"open","ping_status":"open","sticky":false,"template":"","format":"standard","meta":{"footnotes":""},"categories":[7,18],"tags":[],"_links":{"self":[{"href":"https:\/\/redaccion1.fcpolit.unr.edu.ar\/comision-reviglio\/wp-json\/wp\/v2\/posts\/1670"}],"collection":[{"href":"https:\/\/redaccion1.fcpolit.unr.edu.ar\/comision-reviglio\/wp-json\/wp\/v2\/posts"}],"about":[{"href":"https:\/\/redaccion1.fcpolit.unr.edu.ar\/comision-reviglio\/wp-json\/wp\/v2\/types\/post"}],"author":[{"embeddable":true,"href":"https:\/\/redaccion1.fcpolit.unr.edu.ar\/comision-reviglio\/wp-json\/wp\/v2\/users\/17"}],"replies":[{"embeddable":true,"href":"https:\/\/redaccion1.fcpolit.unr.edu.ar\/comision-reviglio\/wp-json\/wp\/v2\/comments?post=1670"}],"version-history":[{"count":0,"href":"https:\/\/redaccion1.fcpolit.unr.edu.ar\/comision-reviglio\/wp-json\/wp\/v2\/posts\/1670\/revisions"}],"wp:attachment":[{"href":"https:\/\/redaccion1.fcpolit.unr.edu.ar\/comision-reviglio\/wp-json\/wp\/v2\/media?parent=1670"}],"wp:term":[{"taxonomy":"category","embeddable":true,"href":"https:\/\/redaccion1.fcpolit.unr.edu.ar\/comision-reviglio\/wp-json\/wp\/v2\/categories?post=1670"},{"taxonomy":"post_tag","embeddable":true,"href":"https:\/\/redaccion1.fcpolit.unr.edu.ar\/comision-reviglio\/wp-json\/wp\/v2\/tags?post=1670"}],"curies":[{"name":"wp","href":"https:\/\/api.w.org\/{rel}","templated":true}]}}