{"id":167,"date":"2008-07-10T15:01:18","date_gmt":"2008-07-10T15:01:18","guid":{"rendered":"http:\/\/fcpolit.unr.edu.ar\/blogs\/redaccion1-reviglio\/2008\/07\/10\/notas-recuperatorio-trabajo-practico-integrador-1\/"},"modified":"2008-07-10T15:01:18","modified_gmt":"2008-07-10T15:01:18","slug":"notas-recuperatorio-trabajo-practico-integrador-1","status":"publish","type":"post","link":"https:\/\/redaccion1.fcpolit.unr.edu.ar\/comision-reviglio\/2008\/07\/10\/notas-recuperatorio-trabajo-practico-integrador-1\/","title":{"rendered":"Notas Recuperatorio Trabajo Pr\u00e1ctico  Integrador 1"},"content":{"rendered":"<p>Aguirre: Ausente<br \/>\nAlonso: Insuficiente<br \/>\nBoero: Muy bueno (8)<br \/>\nGubinelli: Insuficiente<br \/>\nFern\u00e1ndez: Insuficiente<br \/>\nS\u00e1nchez Mar\u00eda Eugenia: Ausente<br \/>\nStachiotti: Aprobado (6)<br \/>\nVeliz: Muy bueno (8)<\/p>\n","protected":false},"excerpt":{"rendered":"<p>Aguirre: Ausente Alonso: Insuficiente Boero: Muy bueno (8) Gubinelli: Insuficiente Fern\u00e1ndez: Insuficiente S\u00e1nchez Mar\u00eda Eugenia: Ausente Stachiotti: Aprobado (6) Veliz: Muy bueno (8)<\/p>\n","protected":false},"author":27,"featured_media":0,"comment_status":"open","ping_status":"closed","sticky":false,"template":"","format":"standard","meta":{"footnotes":""},"categories":[20],"tags":[],"_links":{"self":[{"href":"https:\/\/redaccion1.fcpolit.unr.edu.ar\/comision-reviglio\/wp-json\/wp\/v2\/posts\/167"}],"collection":[{"href":"https:\/\/redaccion1.fcpolit.unr.edu.ar\/comision-reviglio\/wp-json\/wp\/v2\/posts"}],"about":[{"href":"https:\/\/redaccion1.fcpolit.unr.edu.ar\/comision-reviglio\/wp-json\/wp\/v2\/types\/post"}],"author":[{"embeddable":true,"href":"https:\/\/redaccion1.fcpolit.unr.edu.ar\/comision-reviglio\/wp-json\/wp\/v2\/users\/27"}],"replies":[{"embeddable":true,"href":"https:\/\/redaccion1.fcpolit.unr.edu.ar\/comision-reviglio\/wp-json\/wp\/v2\/comments?post=167"}],"version-history":[{"count":0,"href":"https:\/\/redaccion1.fcpolit.unr.edu.ar\/comision-reviglio\/wp-json\/wp\/v2\/posts\/167\/revisions"}],"wp:attachment":[{"href":"https:\/\/redaccion1.fcpolit.unr.edu.ar\/comision-reviglio\/wp-json\/wp\/v2\/media?parent=167"}],"wp:term":[{"taxonomy":"category","embeddable":true,"href":"https:\/\/redaccion1.fcpolit.unr.edu.ar\/comision-reviglio\/wp-json\/wp\/v2\/categories?post=167"},{"taxonomy":"post_tag","embeddable":true,"href":"https:\/\/redaccion1.fcpolit.unr.edu.ar\/comision-reviglio\/wp-json\/wp\/v2\/tags?post=167"}],"curies":[{"name":"wp","href":"https:\/\/api.w.org\/{rel}","templated":true}]}}