{"id":1650,"date":"2020-04-07T12:40:03","date_gmt":"2020-04-07T12:40:03","guid":{"rendered":"http:\/\/fcpolit.unr.edu.ar\/blogs\/redaccion1-reviglio\/?p=1650"},"modified":"2020-04-07T12:40:03","modified_gmt":"2020-04-07T12:40:03","slug":"juan-sanchez","status":"publish","type":"post","link":"https:\/\/redaccion1.fcpolit.unr.edu.ar\/comision-reviglio\/2020\/04\/07\/juan-sanchez\/","title":{"rendered":"Juan S\u00e1nchez"},"content":{"rendered":"<p><em>Por Juan S\u00e1nchez<\/em><a href=\"https:\/\/blogs.fcpolit.unr.edu.ar\/redaccion1-reviglio\/files\/2020\/04\/Juan.jpg\"><img loading=\"lazy\" decoding=\"async\" src=\"https:\/\/blogs.fcpolit.unr.edu.ar\/redaccion1-reviglio\/files\/2020\/04\/Juan-272x300.jpg\" alt=\"\" width=\"272\" height=\"300\" class=\"alignleft size-medium wp-image-1651\" \/><\/a><\/p>\n<p>Hola, compa\u00f1eros. Me llamo Juan y este a\u00f1o voy a formar parte de las clases como ayudante alumno. Es mi primera experiencia en esto, as\u00ed que van a tener que ser pacientes conmigo. Voy a estar aprendiendo junto a ustedes.<!--more--><\/p>\n<p>\tHace dos a\u00f1os que trabajo en una carrera de posgrado de la Facultad de Ciencias M\u00e9dicas. No es el laburo ideal \u2014el que yo elegir\u00eda\u2014, pero est\u00e1 muy bien. Estoy en contacto con trabajadores de la comunidad universitaria cient\u00edfica. Formo parte de varias investigaciones dentro del campo de la salud p\u00fablica. Algunas disfruto m\u00e1s, otras menos, pero todas dejan experiencias ricas en capital humano. Experiencias que, de otra manera, no aprender\u00eda nunca.<br \/>\n\tCuando termin\u00e9 la secundaria empec\u00e9 a estudiar Psicolog\u00eda. Curs\u00e9 cuatro a\u00f1os y rend\u00ed muchas materias, pero no terminaba de convencerme. No era para m\u00ed, no me ve\u00eda ejerciendo. Igual, ese tiempo de tr\u00e1nsito por la facultad me permiti\u00f3 varias cosas: en primer lugar, tener el trabajo que tengo, y en segundo lugar (pero no menos importante), pensar \u2014o re-pensar\u2014 mi espacio, mis decisiones y mis proyectos. Digamos que ese tiempo en la Facultad de Psicolog\u00eda sirvi\u00f3 como disparador de una gran pregunta: a qu\u00e9 me gustar\u00eda dedicarme.<br \/>\n\tArrancar Comunicaci\u00f3n Social el a\u00f1o pasado fue una de las decisiones que tom\u00e9 para encontrar la respuesta a esa gran pregunta. La carrera es amplia, eso tiene ventajas. Me gusta leer y escribir. Leo y escribo mucho y lo hago por placer. Y tambi\u00e9n porque s\u00e9 que me gustar\u00eda construir algo alrededor de eso. Me gustar\u00eda trabajar leyendo y escribiendo. Esa es una de las razones por las que me gust\u00f3 esta materia, y por la que estoy ac\u00e1 haciendo la ayudant\u00eda. Redacci\u00f3n I me dio herramientas para hacer mejor algo que me gusta, que es trabajar con las palabras.<br \/>\nHoy estoy convencido de que la \u00fanica forma de apropiarnos de los deseos que nos surgen es a trav\u00e9s de las palabras. Todo, de una forma u otra, pasa por ah\u00ed. Cuando escribimos \u2014o decimos\u2014 ponemos algo que nos pertenece en un lugar donde antes no hab\u00eda nada. Es un trabajo de producci\u00f3n propia, un espejo de lo que vemos, sentimos y creemos. Por eso creo que es tan importante saber hacerlo.<br \/>\nEs verdad que todav\u00eda no tengo claro sobre qu\u00e9 quiero escribir, pero s\u00e9 que la \u00fanica forma de encontrarlo es\u2026 escribiendo. Y quiero poder hacerlo de la forma m\u00e1s precisa posible. No es lo mismo escribir que escribir bien. No es lo mismo comunicar que comunicar bien. Si voy a escribir un art\u00edculo de investigaci\u00f3n, una noticia, una cr\u00f3nica de un partido de f\u00fatbol, un cuento, una presentaci\u00f3n, un tweet, lo que sea, quiero poder hacerlo de la mejor manera posible. Lo que m\u00e1s me gust\u00f3 de esta materia es que busca darnos la mayor cantidad de recursos para que lo que escribamos sea exactamente lo que queremos escribir, y no otra cosa.<br \/>\n\tSe nos viene un a\u00f1o complicado. Espero que, a pesar de todo, puedan trabajar y aprender cosas que seguro les ser\u00e1n de mucha utilidad para lo que decidan hacer en el futuro. Intentar\u00e9 ayudarlos con todo lo que est\u00e9 a mi alcance.<\/p>\n","protected":false},"excerpt":{"rendered":"<p>Por Juan S\u00e1nchez Hola, compa\u00f1eros. Me llamo Juan y este a\u00f1o voy a formar parte de las clases como ayudante alumno. Es mi primera experiencia en esto, as\u00ed que van a tener que ser pacientes conmigo. Voy a estar aprendiendo junto a ustedes.<\/p>\n","protected":false},"author":17,"featured_media":0,"comment_status":"open","ping_status":"open","sticky":false,"template":"","format":"standard","meta":{"footnotes":""},"categories":[7],"tags":[],"_links":{"self":[{"href":"https:\/\/redaccion1.fcpolit.unr.edu.ar\/comision-reviglio\/wp-json\/wp\/v2\/posts\/1650"}],"collection":[{"href":"https:\/\/redaccion1.fcpolit.unr.edu.ar\/comision-reviglio\/wp-json\/wp\/v2\/posts"}],"about":[{"href":"https:\/\/redaccion1.fcpolit.unr.edu.ar\/comision-reviglio\/wp-json\/wp\/v2\/types\/post"}],"author":[{"embeddable":true,"href":"https:\/\/redaccion1.fcpolit.unr.edu.ar\/comision-reviglio\/wp-json\/wp\/v2\/users\/17"}],"replies":[{"embeddable":true,"href":"https:\/\/redaccion1.fcpolit.unr.edu.ar\/comision-reviglio\/wp-json\/wp\/v2\/comments?post=1650"}],"version-history":[{"count":0,"href":"https:\/\/redaccion1.fcpolit.unr.edu.ar\/comision-reviglio\/wp-json\/wp\/v2\/posts\/1650\/revisions"}],"wp:attachment":[{"href":"https:\/\/redaccion1.fcpolit.unr.edu.ar\/comision-reviglio\/wp-json\/wp\/v2\/media?parent=1650"}],"wp:term":[{"taxonomy":"category","embeddable":true,"href":"https:\/\/redaccion1.fcpolit.unr.edu.ar\/comision-reviglio\/wp-json\/wp\/v2\/categories?post=1650"},{"taxonomy":"post_tag","embeddable":true,"href":"https:\/\/redaccion1.fcpolit.unr.edu.ar\/comision-reviglio\/wp-json\/wp\/v2\/tags?post=1650"}],"curies":[{"name":"wp","href":"https:\/\/api.w.org\/{rel}","templated":true}]}}