{"id":1644,"date":"2020-04-07T12:33:55","date_gmt":"2020-04-07T12:33:55","guid":{"rendered":"http:\/\/fcpolit.unr.edu.ar\/blogs\/redaccion1-reviglio\/?p=1644"},"modified":"2020-04-07T12:33:55","modified_gmt":"2020-04-07T12:33:55","slug":"primera-clase-7-de-abril","status":"publish","type":"post","link":"https:\/\/redaccion1.fcpolit.unr.edu.ar\/comision-reviglio\/2020\/04\/07\/primera-clase-7-de-abril\/","title":{"rendered":"Primera Clase: 7 de abril"},"content":{"rendered":"<p>Hoy comenzamos oficialmente las clases de Redacci\u00f3n en la comisi\u00f3n 3. Hay un video publicado en el grupo de facebook que tenemos para la comisi\u00f3n y una serie de posteos que reproducideremos aqu\u00ed:<!--more--><\/p>\n<p><strong>Cronograma de trabajo\/lecturas:<\/strong><br \/>\nLectura Bibliograf\u00eda de la unidad 1. La idea es que lean el texto <a href=\"https:\/\/blogs-fcpolit.unr.edu.ar\/programa\/2020\/03\/08\/redactar-para-comunicar-el-mundo-del-lector\/\">Redactar para comunicar<\/a> y vayan leyendo paulatinamente los textos enlazados. Cada uno de ellos tiene una <a href=\"https:\/\/blogs-fcpolit.unr.edu.ar\/programa\/2020\/03\/31\/guias-de-lectura-de-la-bibliografia-de-la-unidad-1\/\">gu\u00eda para orientar la lectura<\/a>. La gu\u00eda es recomendada pero no obligatoria. Es decir, yo les recomiendo que las hagan porque les va a ayudar a comprender el texto y el tema que abordan, pero no deben envi\u00e1rmela ya que no corregiremos gu\u00edas de lectura.<\/p>\n<p>El tiempo planificado para el trabajo de esa unidad son cuatro semanas. Les propongo el siguiente <strong>cronograma de lectura<\/strong> para que puedan ordenar el trabajo:<br \/>\n<strong>Semana 1 (7\/4)<\/strong>: Tema: Comunicaci\u00f3n y redacci\u00f3n.  Digital \u2013 impreso.<br \/>\nTextos: <a href=\"https:\/\/drive.google.com\/file\/d\/1By_5j3lwdSpBJZ2NQZuK8NbdWRw8HtO7\/view\">Teodosio<\/a>, <a href=\"https:\/\/drive.google.com\/file\/d\/1o4d5qEcjVQGdb5zs0NgEF22u8qWF8Tq6\/view\">D\u00edaz Noci<\/a> y <a href=\"https:\/\/drive.google.com\/file\/d\/11Ti9XHwaDhj6lfPEJxMF5OmGQAMSZXTU\/view\">Canavilhas<\/a>.<\/p>\n<p><strong>Semana 2 (14\/4)<\/strong>: Tema: El oficio de escribir. Planificaci\u00f3n.<br \/>\nTextos: <a href=\"https:\/\/drive.google.com\/file\/d\/1l03-ifZ3KpTGJvB2BVMKjPJrYChK8RXl\/view\">Reale<\/a>, Cassany(<a href=\"https:\/\/drive.google.com\/file\/d\/1Qkhc_DgYV-X0kkI9sOAXi9dtltSuX2mc\/view\">Leer como un escritor<\/a>; <a href=\"https:\/\/drive.google.com\/file\/d\/1IKZ7I_yrQj5demq0qrmOJsfRGx1i_N1c\/view\">las prosas de escritor y lector<\/a>; y <a href=\"https:\/\/drive.google.com\/file\/d\/1hE49KX_ncJUBZEwdBWKumta2MPk8d6Jy\/view\">Escribir sin prejuicios<\/a>) y <a href=\"https:\/\/drive.google.com\/file\/d\/1yOdkBE-Gt_EeVLn-4xzMp-WCaCliNxkT\/view\">King<\/a><\/p>\n<p><strong>Semana 3 (21\/4)<\/strong>: Tema: Actos de habla.<br \/>\nTexto: <a href=\"https:\/\/drive.google.com\/file\/d\/1IVZRBA5qDfMd50r7rmWOVs7xRksX1QJp\/view\">Austin<\/a><\/p>\n<p><strong>Semana 4 (28\/4)<\/strong>: Tema: Fuentes de informaci\u00f3n<br \/>\nTextos: <a href=\"https:\/\/drive.google.com\/file\/d\/117KL6KksoBB9lLkxm4zI4HiLk-l2bqox\/view\">Fontcuberta<\/a> y <a href=\"https:\/\/drive.google.com\/file\/d\/10fkSo1L8_XL3dGaU4TpbhX4eCMW61P9x\/view\">Rodr\u00edguez<\/a><\/p>\n<p>\u00bf<strong>C\u00f3mo organizaremos nuestros encuentros? <\/strong>Por ahora, Juan y yo vamos a estar en l\u00ednea los martes de 8 a 11 hs. para responder consultas y dudas que puedan surgir sobre los textos o las tareas de escritura. Ustedes pueden escribir en el momento que quieran, pero las respuestas llegar\u00e1n en ese horario.<br \/>\nCada martes a las 11 hs, publicaremos un posteo con el tema de la semana (hoy, por ejemplo, publicaremos un posteo con el tema: Comunicaci\u00f3n y redacci\u00f3n.  Digital \u2013 impreso). La idea es que ustedes puedan escribir dudas, consultas, comentarios en esos posteos y no en el chat. Insisto: no usen el chat para consultas (no respondo consultas por chat) ya que la duda de uno de ustedes puede resolver la de otros y, adem\u00e1s, se puede generar un espacio de conversaci\u00f3n compartida que, de seguro, ser\u00e1 interesante.<br \/>\nPor temas personales, les recomendamos que usen el correo electr\u00f3nico tal como est\u00e1 explicado en \u201c<a href=\"https:\/\/blogs-fcpolit.unr.edu.ar\/redaccion1-reviglio\/2020\/03\/26\/pautas-de-cursado-entrega-de-trabajos-etc\/\">Pautas de cursado, entrega de trabajos, etc<\/a>\u201d.<\/p>\n","protected":false},"excerpt":{"rendered":"<p>Hoy comenzamos oficialmente las clases de Redacci\u00f3n en la comisi\u00f3n 3. Hay un video publicado en el grupo de facebook que tenemos para la comisi\u00f3n y una serie de posteos que reproducideremos aqu\u00ed:<\/p>\n","protected":false},"author":17,"featured_media":0,"comment_status":"open","ping_status":"open","sticky":false,"template":"","format":"standard","meta":{"footnotes":""},"categories":[7,18],"tags":[],"_links":{"self":[{"href":"https:\/\/redaccion1.fcpolit.unr.edu.ar\/comision-reviglio\/wp-json\/wp\/v2\/posts\/1644"}],"collection":[{"href":"https:\/\/redaccion1.fcpolit.unr.edu.ar\/comision-reviglio\/wp-json\/wp\/v2\/posts"}],"about":[{"href":"https:\/\/redaccion1.fcpolit.unr.edu.ar\/comision-reviglio\/wp-json\/wp\/v2\/types\/post"}],"author":[{"embeddable":true,"href":"https:\/\/redaccion1.fcpolit.unr.edu.ar\/comision-reviglio\/wp-json\/wp\/v2\/users\/17"}],"replies":[{"embeddable":true,"href":"https:\/\/redaccion1.fcpolit.unr.edu.ar\/comision-reviglio\/wp-json\/wp\/v2\/comments?post=1644"}],"version-history":[{"count":0,"href":"https:\/\/redaccion1.fcpolit.unr.edu.ar\/comision-reviglio\/wp-json\/wp\/v2\/posts\/1644\/revisions"}],"wp:attachment":[{"href":"https:\/\/redaccion1.fcpolit.unr.edu.ar\/comision-reviglio\/wp-json\/wp\/v2\/media?parent=1644"}],"wp:term":[{"taxonomy":"category","embeddable":true,"href":"https:\/\/redaccion1.fcpolit.unr.edu.ar\/comision-reviglio\/wp-json\/wp\/v2\/categories?post=1644"},{"taxonomy":"post_tag","embeddable":true,"href":"https:\/\/redaccion1.fcpolit.unr.edu.ar\/comision-reviglio\/wp-json\/wp\/v2\/tags?post=1644"}],"curies":[{"name":"wp","href":"https:\/\/api.w.org\/{rel}","templated":true}]}}