{"id":1638,"date":"2020-03-26T17:09:28","date_gmt":"2020-03-26T17:09:28","guid":{"rendered":"http:\/\/fcpolit.unr.edu.ar\/blogs\/redaccion1-reviglio\/?p=1638"},"modified":"2020-03-26T17:09:28","modified_gmt":"2020-03-26T17:09:28","slug":"bienvenida-2020","status":"publish","type":"post","link":"https:\/\/redaccion1.fcpolit.unr.edu.ar\/comision-reviglio\/2020\/03\/26\/bienvenida-2020\/","title":{"rendered":"Bienvenida 2020"},"content":{"rendered":"<p><a href=\"https:\/\/blogs.fcpolit.unr.edu.ar\/redaccion1-reviglio\/files\/2020\/03\/20200330_100253.jpg\"><img loading=\"lazy\" decoding=\"async\" src=\"https:\/\/blogs.fcpolit.unr.edu.ar\/redaccion1-reviglio\/files\/2020\/03\/20200330_100253-300x225.jpg\" alt=\"\" width=\"300\" height=\"225\" class=\"alignleft size-medium wp-image-1641\" \/><\/a>\u00a1Bienvenidos a la comisi\u00f3n 3 de la c\u00e1tedra Redacci\u00f3n 1!<br \/>\nMi nombre es Cecilia Reviglio y voy a acompa\u00f1arlos en la cursada de esta materia durante este a\u00f1o. Este espacio ser\u00e1 una parte privilegiada de nuestra aula de clase mientras dure el aislamiento preventivo y obligatorio que nos cuida a todos del Covid-19. <!--more--><\/p>\n<p>Este a\u00f1o se nos presentan desaf\u00edos novedosos en la cursada: un programa nuevo y, adem\u00e1s, la imposibilidad de encontrarnos todos en el espacio f\u00edsico de la facultad donde siempre lo hacemos. Desde que comenz\u00f3 el aislamiento voluntario, con los otros profes de la c\u00e1tedra venimos pensando juntos estrategias y opciones para estar conectados y empezar a transitar este primer a\u00f1o de cursada de ustedes. Para eso, ustedes, los estudiantes y nosotros, los profesores y ayudantes alumnos, pondremos lo mejor de cada uno para hacer de estos espacios virtuales momentos de encuentro, de aprendizaje, de afecto, de comunidad (con lo que encierra el significado de esa palabra: lo com\u00fan).<br \/>\nLa semana del 31\/3 nos comunicaremos v\u00eda correo electr\u00f3nico con cada uno de ustedes y publicaremos nueva informaci\u00f3n respecto de c\u00f3mo comenzaremos a trabajar a partir del 6\/4 (nosotros, el 7\/4, dado que el horario de nuestra comisi\u00f3n es el martes de 8 a 11 hs). Tienen que estar muy atentos a las comunicaciones a trav\u00e9s del correo electr\u00f3nico y de esta p\u00e1gina porque ser\u00e1n nuestros espacios de encuentro y comunicaci\u00f3n durante este tiempo.<br \/>\nMientras tanto y para quienes est\u00e9n m\u00e1s curiosos, pueden ir viendo algunas orientaciones sobre la cursada en <a href=\"https:\/\/blogs-fcpolit.unr.edu.ar\/redaccion1-reviglio\/2020\/03\/26\/pautas-de-cursado-entrega-de-trabajos-etc\/\">este enlace<\/a>. De todos modos, vamos a retomar estas cuestiones en nuestro primer encuentro virtual.<\/p>\n<p><strong>Datos de contacto:<\/strong><br \/>\nProfesora Cecilia Reviglio: ceciliareviglio@hotmail.com<br \/>\nAyudante alumno Juan S\u00e1nchez: cahjuan74@gmail.com<\/p>\n","protected":false},"excerpt":{"rendered":"<p>\u00a1Bienvenidos a la comisi\u00f3n 3 de la c\u00e1tedra Redacci\u00f3n 1! Mi nombre es Cecilia Reviglio y voy a acompa\u00f1arlos en la cursada de esta materia durante este a\u00f1o. Este espacio ser\u00e1 una parte privilegiada de nuestra aula de clase mientras dure el aislamiento preventivo y obligatorio que nos cuida a todos del Covid-19.<\/p>\n","protected":false},"author":17,"featured_media":0,"comment_status":"open","ping_status":"open","sticky":false,"template":"","format":"standard","meta":{"footnotes":""},"categories":[7,20],"tags":[],"_links":{"self":[{"href":"https:\/\/redaccion1.fcpolit.unr.edu.ar\/comision-reviglio\/wp-json\/wp\/v2\/posts\/1638"}],"collection":[{"href":"https:\/\/redaccion1.fcpolit.unr.edu.ar\/comision-reviglio\/wp-json\/wp\/v2\/posts"}],"about":[{"href":"https:\/\/redaccion1.fcpolit.unr.edu.ar\/comision-reviglio\/wp-json\/wp\/v2\/types\/post"}],"author":[{"embeddable":true,"href":"https:\/\/redaccion1.fcpolit.unr.edu.ar\/comision-reviglio\/wp-json\/wp\/v2\/users\/17"}],"replies":[{"embeddable":true,"href":"https:\/\/redaccion1.fcpolit.unr.edu.ar\/comision-reviglio\/wp-json\/wp\/v2\/comments?post=1638"}],"version-history":[{"count":0,"href":"https:\/\/redaccion1.fcpolit.unr.edu.ar\/comision-reviglio\/wp-json\/wp\/v2\/posts\/1638\/revisions"}],"wp:attachment":[{"href":"https:\/\/redaccion1.fcpolit.unr.edu.ar\/comision-reviglio\/wp-json\/wp\/v2\/media?parent=1638"}],"wp:term":[{"taxonomy":"category","embeddable":true,"href":"https:\/\/redaccion1.fcpolit.unr.edu.ar\/comision-reviglio\/wp-json\/wp\/v2\/categories?post=1638"},{"taxonomy":"post_tag","embeddable":true,"href":"https:\/\/redaccion1.fcpolit.unr.edu.ar\/comision-reviglio\/wp-json\/wp\/v2\/tags?post=1638"}],"curies":[{"name":"wp","href":"https:\/\/api.w.org\/{rel}","templated":true}]}}