{"id":162,"date":"2008-07-01T10:12:34","date_gmt":"2008-07-01T10:12:34","guid":{"rendered":"http:\/\/fcpolit.unr.edu.ar\/blogs\/redaccion1-reviglio\/2008\/07\/01\/regalo-textual-7-el-reloj\/"},"modified":"2008-07-01T10:12:34","modified_gmt":"2008-07-01T10:12:34","slug":"regalo-textual-7-el-reloj","status":"publish","type":"post","link":"https:\/\/redaccion1.fcpolit.unr.edu.ar\/comision-reviglio\/2008\/07\/01\/regalo-textual-7-el-reloj\/","title":{"rendered":"Regalo textual 7: El reloj"},"content":{"rendered":"<p><img loading=\"lazy\" decoding=\"async\" alt=\"reloj%20Dali%20I.jpg\" src=\"http:\/\/www.bdp.org.ar\/facultad\/catedras\/comsoc\/redaccion1\/reviglio\/reloj%20Dali%20I.jpg\" width=\"124\" height=\"89\" \/><br \/>\n<em>Regalo de Evelin Aguirre (le\u00eddo por Juan Veliz)<\/em><br \/>\n<strong><br \/>\nYo El reloj, parado a las 7.<\/strong><br \/>\n<em>De Giovanni Papini<\/em><br \/>\nHay en una de las paredes de mi cuarto hermoso reloj antiguo que ya no funciona. Sus manecillas, detenidas casi desde siempre, se\u00f1alan imperturbables la misma hora: las siete en punto.<br \/>\nCasi todo el tiempo, el reloj es s\u00f3lo un in\u00fatil adorno en una blanquecina y vac\u00eda pared. Sin embargo, hay dos momentos durante el d\u00eda, dos fugaces instantes, en que el viejo reloj parece resurgir de sus cenizas como un ave f\u00e9nix.<\/p>\n<p><!--more--><br \/>\nCuando todos los relojes de la ciudad, en sus enloquecidos andares, marcan las siete, y los cuc\u00fas y los gongs de las m\u00e1quinas hacen sonar por siete veces su repetido canto, el viejo reloj de mi habitaci\u00f3n parece cobrar vida.<br \/>\nDos veces al d\u00eda, por la ma\u00f1ana y por la noche, el reloj se siente en completa armon\u00eda con el resto del universo.<br \/>\nSi alguien mirara el reloj solamente en esos momentos, dir\u00eda que funciona a la perfecci\u00f3n\u2026 Pero, pasado ese instante, cuando los dem\u00e1s relojes han acallado su canto y las manecillas contin\u00faan sus mon\u00f3tonos caminos, mi viejo reloj pierde su paso y permanece fiel a aquella hora que alguna vez detuvo su andar.<br \/>\nY yo amo ese reloj. Y cuado m\u00e1s hablo de \u00e9l, m\u00e1s lo amo, porque cada vez me siento mas parecido a \u00e9l.<br \/>\nTambi\u00e9n yo estoy detenido en un tiempo. Tambi\u00e9n yo me siento clavado e inm\u00f3vil. Tambi\u00e9n yo soy, de alguna manera, un adorno in\u00fatil en una pared vac\u00eda.<br \/>\nPero tambi\u00e9n tengo momentos en que, misteriosamente, llega mi hora.<br \/>\nDurante ese tiempo yo siento que vivo. Todo est\u00e1 claro y el mundo se vuelve maravilloso. Yo puedo crear, so\u00f1ar, volar, decir y sentir m\u00e1s cosas en esos instantes que en todos los otros momentos. Estas conjunciones arm\u00f3nicas se dan y se repiten una y otra vez, como una secuencia inexorable.<br \/>\nLa primera vez que lo sent\u00ed, trat\u00e9 de aferrarme a ese instante creyendo que podr\u00eda hacerlo durar para siempre. Pero no fue as\u00ed. Como a mi amigo el reloj, tambi\u00e9n a m\u00ed se me escapa el tiempo de los dem\u00e1s.<br \/>\n\u2026 Pasados esos momentos, los dem\u00e1s relojes, que anidan en otros hombres, contin\u00faan su giro, y yo vuelvo a mi rutinaria muerte est\u00e1tica, a mi trabajo, a mis charlas de caf\u00e9, a mi aburrido andar, que acostumbro a llamar vida.<br \/>\nPero s\u00e9 que la vida es otra cosa.<br \/>\nYo s\u00e9 que la vida, la de verdad, es la suma de aquellos momentos que, aunque fugaces, nos permiten percibir la sinton\u00eda con el universo.<br \/>\nCasi todo el mundo, pobre, cree que vive.<br \/>\nS\u00f3lo hay momentos de plenitud, y aquellos que no lo sepan e insistan en querer vivir para siempre, quedar\u00e1n condenados al mundo del gris y repetitivo andar de la cotidianeidad.<br \/>\nPor eso te amo, viejo reloj. Porque somos la misma cosa t\u00fa y yo.<\/p>\n","protected":false},"excerpt":{"rendered":"<p>Regalo de Evelin Aguirre (le\u00eddo por Juan Veliz) Yo El reloj, parado a las 7. De Giovanni Papini Hay en una de las paredes de mi cuarto hermoso reloj antiguo que ya no funciona. Sus manecillas, detenidas casi desde siempre, se\u00f1alan imperturbables la misma hora: las siete en punto. Casi todo el tiempo, el reloj [&hellip;]<\/p>\n","protected":false},"author":27,"featured_media":0,"comment_status":"open","ping_status":"closed","sticky":false,"template":"","format":"standard","meta":{"footnotes":""},"categories":[29],"tags":[],"_links":{"self":[{"href":"https:\/\/redaccion1.fcpolit.unr.edu.ar\/comision-reviglio\/wp-json\/wp\/v2\/posts\/162"}],"collection":[{"href":"https:\/\/redaccion1.fcpolit.unr.edu.ar\/comision-reviglio\/wp-json\/wp\/v2\/posts"}],"about":[{"href":"https:\/\/redaccion1.fcpolit.unr.edu.ar\/comision-reviglio\/wp-json\/wp\/v2\/types\/post"}],"author":[{"embeddable":true,"href":"https:\/\/redaccion1.fcpolit.unr.edu.ar\/comision-reviglio\/wp-json\/wp\/v2\/users\/27"}],"replies":[{"embeddable":true,"href":"https:\/\/redaccion1.fcpolit.unr.edu.ar\/comision-reviglio\/wp-json\/wp\/v2\/comments?post=162"}],"version-history":[{"count":0,"href":"https:\/\/redaccion1.fcpolit.unr.edu.ar\/comision-reviglio\/wp-json\/wp\/v2\/posts\/162\/revisions"}],"wp:attachment":[{"href":"https:\/\/redaccion1.fcpolit.unr.edu.ar\/comision-reviglio\/wp-json\/wp\/v2\/media?parent=162"}],"wp:term":[{"taxonomy":"category","embeddable":true,"href":"https:\/\/redaccion1.fcpolit.unr.edu.ar\/comision-reviglio\/wp-json\/wp\/v2\/categories?post=162"},{"taxonomy":"post_tag","embeddable":true,"href":"https:\/\/redaccion1.fcpolit.unr.edu.ar\/comision-reviglio\/wp-json\/wp\/v2\/tags?post=162"}],"curies":[{"name":"wp","href":"https:\/\/api.w.org\/{rel}","templated":true}]}}