{"id":1619,"date":"2019-10-31T11:12:36","date_gmt":"2019-10-31T11:12:36","guid":{"rendered":"http:\/\/fcpolit.unr.edu.ar\/blogs\/redaccion1-reviglio\/?p=1619"},"modified":"2019-10-31T11:12:36","modified_gmt":"2019-10-31T11:12:36","slug":"tercer-parcial-indicaciones","status":"publish","type":"post","link":"https:\/\/redaccion1.fcpolit.unr.edu.ar\/comision-reviglio\/2019\/10\/31\/tercer-parcial-indicaciones\/","title":{"rendered":"Tercer parcial. Indicaciones"},"content":{"rendered":"<p>El tercer parcial, que <strong>se tomar\u00e1 el 12 de noviembre<\/strong>, est\u00e1 pensado como una instancia extra para aquellos que, por diversos motivos, no hayan aprobado el parcial 1 o el 2. En esta oportunidad, definimos que se evaluar\u00e1 en todos los casos, los temas que quedaron por fuera de los dos parciales ya pasados y sumaremos algunos temas centrales que fueron evaluados en los parciales anteriores. Ese temario ser\u00e1 diferente seg\u00fan el parcial que est\u00e9 desaprobado.<!--more--><\/p>\n<p><strong>\u00bfQui\u00e9nes deben rendirlo y aprobarlo para regularizar?<\/strong><br \/>\nMacarena Juri; B\u00e1rbara Oviedo; Bruno Pidone; Abril Sangermano; Camilo Sarro y Fiama Valdez<\/p>\n<p><strong>\u00bfQu\u00e9 temas\/ bibliograf\u00eda incluye el parcial?<\/strong><br \/>\nTodos deben estudiar todos los textos correspondientes a la <a href=\"https:\/\/blogs-fcpolit.unr.edu.ar\/programa\/category\/unidad-vii\/\">unidad 7<\/a> (<a href=\"https:\/\/blogs-fcpolit.unr.edu.ar\/programa\/category\/unidad-vii\/textos-base-u7\/\">base<\/a> y <a href=\"https:\/\/blogs-fcpolit.unr.edu.ar\/programa\/category\/unidad-vii\/textos-fuente-u7\/\">fuente<\/a>) y los de la <a href=\"https:\/\/blogs-fcpolit.unr.edu.ar\/redaccion1-reviglio\/2019\/09\/23\/algunos-materiales-teoricos-para-pensar-las-cronicas\/?fbclid=IwAR2W2MIQl-iGcOWNGK0wspPbQ4ANuP_InBbkP_yMZetoPY8XEld7dFNrnYc\">unidad 6 correspondientes a cr\u00f3nica<\/a>.<\/p>\n<p>Adem\u00e1s, Bruno Pidone, Abril Sangermano, Camilo Sarro y Fiama Valdez deben recuperar parte de la unidad 1: Textos base 1 \u201c<a href=\"https:\/\/blogs-fcpolit.unr.edu.ar\/programa\/2003\/03\/31\/dimension-compleja-de-la-escritura-t-base-1\/\">Dimensi\u00f3n compleja de la escritura<\/a>\u201d, 2 \u201c<a href=\"https:\/\/blogs-fcpolit.unr.edu.ar\/programa\/2003\/04\/04\/aprendizajes-espontaneo-y-comprometido-t-base-2\/\">Aprendizajes espont\u00e1neo y comprometido<\/a> \u201c, 3 \u201c<a href=\"https:\/\/blogs-fcpolit.unr.edu.ar\/programa\/2003\/04\/05\/la-escritura-como-proceso-cognitivo-y-comunicativo-t-base-3\/\">La escritura como proceso cognitivo y comunicativo<\/a>\u201d, 4 \u201c<a href=\"https:\/\/blogs-fcpolit.unr.edu.ar\/programa\/2003\/04\/05\/un-modelo-teorico-para-entender-el-mundo-del-escritor-t-base-4\/\">Un modelo te\u00f3rico para entender el mundo del escritor<\/a>\u201d, y 10 \u201c<a href=\"https:\/\/blogs-fcpolit.unr.edu.ar\/programa\/2007\/05\/18\/estrategias-interactivas-y-pragmaticas-t-base-10\/\">Estrategias interactivas y pragm\u00e1ticas<\/a>\u201d y los fuente vinculados.<\/p>\n<p>Por su parte, Macarena Juri y B\u00e1rbara Oviedo deben recuperar la <a href=\"https:\/\/blogs-fcpolit.unr.edu.ar\/programa\/category\/unidad-iv\/\">unidad 4<\/a> completa.<\/p>\n","protected":false},"excerpt":{"rendered":"<p>El tercer parcial, que se tomar\u00e1 el 12 de noviembre, est\u00e1 pensado como una instancia extra para aquellos que, por diversos motivos, no hayan aprobado el parcial 1 o el 2. En esta oportunidad, definimos que se evaluar\u00e1 en todos los casos, los temas que quedaron por fuera de los dos parciales ya pasados y [&hellip;]<\/p>\n","protected":false},"author":17,"featured_media":0,"comment_status":"open","ping_status":"open","sticky":false,"template":"","format":"standard","meta":{"footnotes":""},"categories":[1],"tags":[],"_links":{"self":[{"href":"https:\/\/redaccion1.fcpolit.unr.edu.ar\/comision-reviglio\/wp-json\/wp\/v2\/posts\/1619"}],"collection":[{"href":"https:\/\/redaccion1.fcpolit.unr.edu.ar\/comision-reviglio\/wp-json\/wp\/v2\/posts"}],"about":[{"href":"https:\/\/redaccion1.fcpolit.unr.edu.ar\/comision-reviglio\/wp-json\/wp\/v2\/types\/post"}],"author":[{"embeddable":true,"href":"https:\/\/redaccion1.fcpolit.unr.edu.ar\/comision-reviglio\/wp-json\/wp\/v2\/users\/17"}],"replies":[{"embeddable":true,"href":"https:\/\/redaccion1.fcpolit.unr.edu.ar\/comision-reviglio\/wp-json\/wp\/v2\/comments?post=1619"}],"version-history":[{"count":0,"href":"https:\/\/redaccion1.fcpolit.unr.edu.ar\/comision-reviglio\/wp-json\/wp\/v2\/posts\/1619\/revisions"}],"wp:attachment":[{"href":"https:\/\/redaccion1.fcpolit.unr.edu.ar\/comision-reviglio\/wp-json\/wp\/v2\/media?parent=1619"}],"wp:term":[{"taxonomy":"category","embeddable":true,"href":"https:\/\/redaccion1.fcpolit.unr.edu.ar\/comision-reviglio\/wp-json\/wp\/v2\/categories?post=1619"},{"taxonomy":"post_tag","embeddable":true,"href":"https:\/\/redaccion1.fcpolit.unr.edu.ar\/comision-reviglio\/wp-json\/wp\/v2\/tags?post=1619"}],"curies":[{"name":"wp","href":"https:\/\/api.w.org\/{rel}","templated":true}]}}