{"id":161,"date":"2008-07-01T10:08:28","date_gmt":"2008-07-01T10:08:28","guid":{"rendered":"http:\/\/fcpolit.unr.edu.ar\/blogs\/redaccion1-reviglio\/2008\/07\/01\/notas-tp-integrador-no-1\/"},"modified":"2008-07-01T10:08:28","modified_gmt":"2008-07-01T10:08:28","slug":"notas-tp-integrador-no-1","status":"publish","type":"post","link":"https:\/\/redaccion1.fcpolit.unr.edu.ar\/comision-reviglio\/2008\/07\/01\/notas-tp-integrador-no-1\/","title":{"rendered":"Notas TP Integrador N\u00ba 1"},"content":{"rendered":"<p><img loading=\"lazy\" decoding=\"async\" alt=\"ginkgo%20en%20oto%F1o.jpg\" src=\"http:\/\/www.bdp.org.ar\/facultad\/catedras\/comsoc\/redaccion1\/reviglio\/ginkgo%20en%20oto%F1o.jpg\" width=\"139\" height=\"105\" \/><br \/>\nAqu\u00ed las notas del parcial. Para los que tienen que recuperar, la cita ser\u00e1 el lunes pr\u00f3ximo (7 de julio) a las 15 hs en la sala de computaci\u00f3n.<\/p>\n<p><!--more--><br \/>\nAguirre: Recupera<br \/>\nAlonso: Recupera<br \/>\nAvalle: Bueno 7<br \/>\nBattiston: Distinguido 9<br \/>\nBermejo: Sobresaliente 10<br \/>\nCordiviola: Distinguido 9<br \/>\nDejes\u00fas: Bueno 7<br \/>\nFern\u00e1ndez: Recupera<br \/>\nFerrer Roach: Muy bueno 8<br \/>\nMideo: Muy bueno 8<br \/>\nNebreda: Sobresaliente 10<br \/>\nNocetti: Muy bueno 8<br \/>\nPaz: Muy bueno 8<br \/>\nS\u00e1nchez Florencia: Distinguido 9<br \/>\nS\u00e1nchez Mar\u00eda Eugenia: Recupera<br \/>\nStacchiotti: Recupera<br \/>\nVeliz: Recupera<\/p>\n","protected":false},"excerpt":{"rendered":"<p>Aqu\u00ed las notas del parcial. Para los que tienen que recuperar, la cita ser\u00e1 el lunes pr\u00f3ximo (7 de julio) a las 15 hs en la sala de computaci\u00f3n.<\/p>\n","protected":false},"author":27,"featured_media":0,"comment_status":"open","ping_status":"closed","sticky":false,"template":"","format":"standard","meta":{"footnotes":""},"categories":[20],"tags":[],"_links":{"self":[{"href":"https:\/\/redaccion1.fcpolit.unr.edu.ar\/comision-reviglio\/wp-json\/wp\/v2\/posts\/161"}],"collection":[{"href":"https:\/\/redaccion1.fcpolit.unr.edu.ar\/comision-reviglio\/wp-json\/wp\/v2\/posts"}],"about":[{"href":"https:\/\/redaccion1.fcpolit.unr.edu.ar\/comision-reviglio\/wp-json\/wp\/v2\/types\/post"}],"author":[{"embeddable":true,"href":"https:\/\/redaccion1.fcpolit.unr.edu.ar\/comision-reviglio\/wp-json\/wp\/v2\/users\/27"}],"replies":[{"embeddable":true,"href":"https:\/\/redaccion1.fcpolit.unr.edu.ar\/comision-reviglio\/wp-json\/wp\/v2\/comments?post=161"}],"version-history":[{"count":0,"href":"https:\/\/redaccion1.fcpolit.unr.edu.ar\/comision-reviglio\/wp-json\/wp\/v2\/posts\/161\/revisions"}],"wp:attachment":[{"href":"https:\/\/redaccion1.fcpolit.unr.edu.ar\/comision-reviglio\/wp-json\/wp\/v2\/media?parent=161"}],"wp:term":[{"taxonomy":"category","embeddable":true,"href":"https:\/\/redaccion1.fcpolit.unr.edu.ar\/comision-reviglio\/wp-json\/wp\/v2\/categories?post=161"},{"taxonomy":"post_tag","embeddable":true,"href":"https:\/\/redaccion1.fcpolit.unr.edu.ar\/comision-reviglio\/wp-json\/wp\/v2\/tags?post=161"}],"curies":[{"name":"wp","href":"https:\/\/api.w.org\/{rel}","templated":true}]}}