{"id":1593,"date":"2019-10-15T00:23:29","date_gmt":"2019-10-15T00:23:29","guid":{"rendered":"http:\/\/fcpolit.unr.edu.ar\/blogs\/redaccion1-reviglio\/?p=1593"},"modified":"2019-10-15T00:23:29","modified_gmt":"2019-10-15T00:23:29","slug":"trabajo-practico-n-18-una-periodista-en-el-aula-de-redaccion-1-cronicas-de-una-entrevista-colectiva","status":"publish","type":"post","link":"https:\/\/redaccion1.fcpolit.unr.edu.ar\/comision-reviglio\/2019\/10\/15\/trabajo-practico-n-18-una-periodista-en-el-aula-de-redaccion-1-cronicas-de-una-entrevista-colectiva\/","title":{"rendered":"Trabajo Pr\u00e1ctico N\u00b0 18: Una periodista en el aula de Redacci\u00f3n 1. Cr\u00f3nicas de una entrevista colectiva"},"content":{"rendered":"<p><a href=\"https:\/\/blogs.fcpolit.unr.edu.ar\/redaccion1-reviglio\/files\/2019\/10\/20191015_091836.jpg\"><img loading=\"lazy\" decoding=\"async\" src=\"https:\/\/blogs.fcpolit.unr.edu.ar\/redaccion1-reviglio\/files\/2019\/10\/20191015_091836-180x300.jpg\" alt=\"\" width=\"180\" height=\"300\" class=\"alignleft size-medium wp-image-1609\" \/><\/a><strong>Objetivos: <\/strong><br \/>\nQue los estudiantes<br \/>\npongan el pr\u00e1ctica el ejercicio de hacer preguntas respecto de un tema en el marco de una charla colectiva con una periodista;<br \/>\ntomen notas y organicen la informaci\u00f3n para escribir un texto period\u00edstico<br \/>\nensayen la escritura de cr\u00f3nicas a partir de una entrevista concreta<!--more--><\/p>\n<p><strong>Consigna:<\/strong><br \/>\n1.- Asist\u00ed a la <a href=\"https:\/\/blogs-fcpolit.unr.edu.ar\/redaccion1\/2019\/10\/07\/la-periodista-maria-laura-cicerchia-visitara-una-clase-de-redaccion-1\/\">charla que dar\u00e1 la periodista Mar\u00eda Laura Cicerchia a la clase de Redacci\u00f3n 1 el 15 de octubre de 2019 a las 9:15 hs<\/a>,<br \/>\n2.- Tom\u00e1 nota del clima, la presentaci\u00f3n, cantidad de asistentes, algunos detalles de la entrevistada para poder describirla, en fin, de todo lo haga al contexto en el que se desarrollar\u00e1 la charla y que servir\u00e1 en el momento de escribir para dar cuenta del momento.<br \/>\n3.- Tom\u00e1 nota de las preguntas que hagan tanto vos como tus compa\u00f1eros, as\u00ed como de la respuesta de la entrevistada. Si bien pod\u00e9s grabar la charla \u2014incluso ser\u00eda interesante hacerlo para tener el registro preciso\u2014 es importante ir apuntando detalles que te llamen la atenci\u00f3n o te parezcan significativos para guiarte en la escucha y tambi\u00e9n para agregar a la cr\u00f3nica posterior.<br \/>\n4.- Redactar una <a href=\"https:\/\/blogs-fcpolit.unr.edu.ar\/redaccion1-reviglio\/2019\/09\/23\/algunos-materiales-teoricos-para-pensar-las-cronicas\/?fbclid=IwAR2W2MIQl-iGcOWNGK0wspPbQ4ANuP_InBbkP_yMZetoPY8XEld7dFNrnYc\">cr\u00f3nica<\/a> de la actividad de al menos 50 l\u00edneas de extensi\u00f3n (sin contar t\u00edtulo) en el que aparezcan las intervenciones de la periodista as\u00ed como la de algunos estudiantes, utilizando los <a href=\"https:\/\/blogs-fcpolit.unr.edu.ar\/programa\/2008\/03\/29\/enunciados-referidos\/\">diferentes estilos de referir discurso<\/a>. Audiencia: comunidad de la escuela de Comunicaci\u00f3n Social, FCPyRRII, UNR. Medio de publicaci\u00f3n: <a href=\"https:\/\/mediosyenteros.unr.edu.ar\/home\/\">Revista Medios y enteros<\/a> (Para organizar el trabajo, pod\u00e9s usar algunos de los criterios expuestos en el <a href=\"https:\/\/blogs-fcpolit.unr.edu.ar\/redaccion1-reviglio\/2019\/10\/15\/resumen-de-la-clase-21-del-15-de-octubre-una-periodista-nos-visita\/#more-1598\">resumen de la clase del 15\/10<\/a> u otro orden que te permita organizar de manera l\u00f3gica la informaci\u00f3n y no necesariamente cronol\u00f3gica)<br \/>\n5.- Armar un cuerpo de titulares (Titular y bajada de titular).<br \/>\n6.- Opcional: sumar fotos del encuentro.<\/p>\n<p><strong>Fecha y modalidad de entrega<\/strong>: Jueves 24 de octubre por correo electr\u00f3nico a la casilla ceciliareviglio@hotmail.com como archivo de Word adjunto<\/p>\n","protected":false},"excerpt":{"rendered":"<p>Objetivos: Que los estudiantes pongan el pr\u00e1ctica el ejercicio de hacer preguntas respecto de un tema en el marco de una charla colectiva con una periodista; tomen notas y organicen la informaci\u00f3n para escribir un texto period\u00edstico ensayen la escritura de cr\u00f3nicas a partir de una entrevista concreta<\/p>\n","protected":false},"author":17,"featured_media":0,"comment_status":"open","ping_status":"open","sticky":false,"template":"","format":"standard","meta":{"footnotes":""},"categories":[6,16,39],"tags":[],"_links":{"self":[{"href":"https:\/\/redaccion1.fcpolit.unr.edu.ar\/comision-reviglio\/wp-json\/wp\/v2\/posts\/1593"}],"collection":[{"href":"https:\/\/redaccion1.fcpolit.unr.edu.ar\/comision-reviglio\/wp-json\/wp\/v2\/posts"}],"about":[{"href":"https:\/\/redaccion1.fcpolit.unr.edu.ar\/comision-reviglio\/wp-json\/wp\/v2\/types\/post"}],"author":[{"embeddable":true,"href":"https:\/\/redaccion1.fcpolit.unr.edu.ar\/comision-reviglio\/wp-json\/wp\/v2\/users\/17"}],"replies":[{"embeddable":true,"href":"https:\/\/redaccion1.fcpolit.unr.edu.ar\/comision-reviglio\/wp-json\/wp\/v2\/comments?post=1593"}],"version-history":[{"count":0,"href":"https:\/\/redaccion1.fcpolit.unr.edu.ar\/comision-reviglio\/wp-json\/wp\/v2\/posts\/1593\/revisions"}],"wp:attachment":[{"href":"https:\/\/redaccion1.fcpolit.unr.edu.ar\/comision-reviglio\/wp-json\/wp\/v2\/media?parent=1593"}],"wp:term":[{"taxonomy":"category","embeddable":true,"href":"https:\/\/redaccion1.fcpolit.unr.edu.ar\/comision-reviglio\/wp-json\/wp\/v2\/categories?post=1593"},{"taxonomy":"post_tag","embeddable":true,"href":"https:\/\/redaccion1.fcpolit.unr.edu.ar\/comision-reviglio\/wp-json\/wp\/v2\/tags?post=1593"}],"curies":[{"name":"wp","href":"https:\/\/api.w.org\/{rel}","templated":true}]}}