{"id":1582,"date":"2019-09-23T11:55:33","date_gmt":"2019-09-23T11:55:33","guid":{"rendered":"http:\/\/fcpolit.unr.edu.ar\/blogs\/redaccion1-reviglio\/?p=1582"},"modified":"2019-09-23T11:55:33","modified_gmt":"2019-09-23T11:55:33","slug":"cronograma-de-las-proximas-semanas","status":"publish","type":"post","link":"https:\/\/redaccion1.fcpolit.unr.edu.ar\/comision-reviglio\/2019\/09\/23\/cronograma-de-las-proximas-semanas\/","title":{"rendered":"Cronograma de las pr\u00f3ximas semanas"},"content":{"rendered":"<p>Estas semanas son poco habituales, por eso y para tener claro qu\u00e9 tenemos por delante, les dejo un cronograma de trabajo.<!--more--><\/p>\n<p>Martes 24 de setiembre de 9:30 a 11 hs: Consulta (Sala de profesores)<br \/>\nViernes 27 de setiembre: \u00faltima fecha para entregar TP atrasados (<a href=\"https:\/\/blogs-fcpolit.unr.edu.ar\/redaccion1-reviglio\/2019\/08\/28\/trabajo-practico-n15-de-la-oralidad-a-la-escritura\/\">15<\/a> y<a href=\"https:\/\/blogs-fcpolit.unr.edu.ar\/redaccion1-reviglio\/2019\/09\/02\/trabajo-practico-n-16-de-entrevistas-narradoras-y-modos-de-mirar-a-partir-de-una-entrevista-a-la-narradora-hebe-uhart\/\"> 16<\/a>)<br \/>\nMartes 1 de octubre <strong>8:45 a 11 hs: Segundo parcial <\/strong>(unidades 4, 5 -s\u00f3lo entrevista- y 6)<br \/>\nViernes 4 de octubre: Entrega <a href=\"https:\/\/blogs-fcpolit.unr.edu.ar\/redaccion1-reviglio\/2019\/09\/23\/trabajo-practico-n-17-una-cronica-sobre-el-caso-de-los-verduleros\/\">TP 17<\/a><br \/>\nMartes 8 de octubre: conversaci\u00f3n con Ma. Laura Cicerchia, sobre su cr\u00f3nica &#8220;Espantoso final de un chico&#8230;&#8221; y otros textos period\u00edsticos. Y <a href=\"https:\/\/blogs-fcpolit.unr.edu.ar\/redaccion1-reviglio\/2019\/09\/02\/trabajo-practico-final-alistando-motores\/\">primera entrega TPF<\/a>.<br \/>\nLunes 14 de octubre: Entrega TP 18 (sobre actividad del 8\/10. Consigna en elaboraci\u00f3n)<\/p>\n","protected":false},"excerpt":{"rendered":"<p>Estas semanas son poco habituales, por eso y para tener claro qu\u00e9 tenemos por delante, les dejo un cronograma de trabajo.<\/p>\n","protected":false},"author":17,"featured_media":0,"comment_status":"open","ping_status":"open","sticky":false,"template":"","format":"standard","meta":{"footnotes":""},"categories":[1],"tags":[],"_links":{"self":[{"href":"https:\/\/redaccion1.fcpolit.unr.edu.ar\/comision-reviglio\/wp-json\/wp\/v2\/posts\/1582"}],"collection":[{"href":"https:\/\/redaccion1.fcpolit.unr.edu.ar\/comision-reviglio\/wp-json\/wp\/v2\/posts"}],"about":[{"href":"https:\/\/redaccion1.fcpolit.unr.edu.ar\/comision-reviglio\/wp-json\/wp\/v2\/types\/post"}],"author":[{"embeddable":true,"href":"https:\/\/redaccion1.fcpolit.unr.edu.ar\/comision-reviglio\/wp-json\/wp\/v2\/users\/17"}],"replies":[{"embeddable":true,"href":"https:\/\/redaccion1.fcpolit.unr.edu.ar\/comision-reviglio\/wp-json\/wp\/v2\/comments?post=1582"}],"version-history":[{"count":0,"href":"https:\/\/redaccion1.fcpolit.unr.edu.ar\/comision-reviglio\/wp-json\/wp\/v2\/posts\/1582\/revisions"}],"wp:attachment":[{"href":"https:\/\/redaccion1.fcpolit.unr.edu.ar\/comision-reviglio\/wp-json\/wp\/v2\/media?parent=1582"}],"wp:term":[{"taxonomy":"category","embeddable":true,"href":"https:\/\/redaccion1.fcpolit.unr.edu.ar\/comision-reviglio\/wp-json\/wp\/v2\/categories?post=1582"},{"taxonomy":"post_tag","embeddable":true,"href":"https:\/\/redaccion1.fcpolit.unr.edu.ar\/comision-reviglio\/wp-json\/wp\/v2\/tags?post=1582"}],"curies":[{"name":"wp","href":"https:\/\/api.w.org\/{rel}","templated":true}]}}