{"id":156,"date":"2008-06-16T16:39:16","date_gmt":"2008-06-16T16:39:16","guid":{"rendered":"http:\/\/fcpolit.unr.edu.ar\/blogs\/redaccion1-reviglio\/2008\/06\/16\/memorias-de-la-lectura-5\/"},"modified":"2008-06-16T16:39:16","modified_gmt":"2008-06-16T16:39:16","slug":"memorias-de-la-lectura-5","status":"publish","type":"post","link":"https:\/\/redaccion1.fcpolit.unr.edu.ar\/comision-reviglio\/2008\/06\/16\/memorias-de-la-lectura-5\/","title":{"rendered":"Memorias de la lectura 5"},"content":{"rendered":"<p><img loading=\"lazy\" decoding=\"async\" alt=\"principito%20desierto.jpg\" src=\"http:\/\/www.bdp.org.ar\/facultad\/catedras\/comsoc\/redaccion1\/reviglio\/principito%20desierto.jpg\" width=\"115\" height=\"118\" \/><br \/>\n<em>por Oscar Battiston<\/em><br \/>\nPensando en algo que haya marcado mi vida literaria, me puse a recordar los libros que le\u00ed en mi vida. Seguramente me olvido de unos cuantos, pero no creo que hayan sido muchos. Hubo bastantes que empec\u00e9 y que jam\u00e1s termin\u00e9. Pero hay uno en particular, uno que siempre est\u00e1 all\u00ed, esperando para ense\u00f1arme cosas que el tiempo y la rutina me hacen olvidar. Ha riesgo de parecer simple, cursi, infantil, o cualquier otro calificativo que se me quiera agregar despu\u00e9s, quiero agregar que el mejor libro es para m\u00ed el que te cuenta cosas que te llegan, no s\u00f3lo a la cabeza (a forma de historia, conocimiento, recuerdo, etc.), sino que los mejores libros, desde mi puntos de vista, son aquellos que hablan cara a cara con el coraz\u00f3n de cada uno. En mi caso el \u00fanico libro que cumple est\u00e1 condici\u00f3n es \u201cEl principito\u201d de Antoine de Saint-Exup\u00e9ry.<\/p>\n<p><!--more--><br \/>\nSi bien, s\u00e9 y soy conciente que es un libro m\u00e1s para la edad de la ni\u00f1ez, cada vez que mi vida se cruza con sus p\u00e1ginas, muchas emociones me invaden. Creo que es de los pocos libros que me hacen llorar cada vez que lo leo. Creo, tambi\u00e9n, que tras su lenguaje sencillo y metaf\u00f3rico se esconden muchos valores importantes, que vamos perdiendo con el tiempo a medida que crecemos.<br \/>\nDesde el pr\u00f3logo me habla de amistad m\u00e1s all\u00e1 de las distancias, de la fidelidad a lo que se cree, de la complejidad y simpleza a la vez del mundo de la ni\u00f1ez. Me dice la incapacidad que voy teniendo a trav\u00e9s de los a\u00f1os de darme cuenta de las cosas simples y c\u00f3mo voy perdiendo la complicidad con esas cosas, que quiz\u00e1s a simple vista no se ven o no existen, pero que si dejo libre a la imaginaci\u00f3n puede estar ah\u00ed. C\u00f3mo voy cambiando y me preocupo cada vez m\u00e1s por lo que los dem\u00e1s esperan que sea, en vez de preocuparme de c\u00f3mo soy en realidad, o c\u00f3mo es el otro, en las cosas sencillas de la vida (que en el cuento se expresa por met\u00e1foras que refieren que los adultos solo le importan los datos). Me cuenta el  hecho de ser feliz con los peque\u00f1os placeres que tiene la vida (como la puesta de sol) y de necesitar de amigos en la vida. C\u00f3mo se puede amar a algo \u2013o alguien-, aunque sea igual a otras cosas \u2013o personas-, pero que s\u00e9 es m\u00edo, que fue marcado por m\u00ed (como la rosa o el zorro del principito) y como ese algo simple, vulgar, se transforma en algo \u00fanico e inigualable.<br \/>\nHay muchas otras met\u00e1foras, unas m\u00e1s sencillas, otras m\u00e1s profundas, pero mi favorita es el cap\u00edtulo en el que el principito se encuentra con el zorro, donde se explica c\u00f3mo se crean v\u00ednculos con esas cosas o personas especiales, c\u00f3mo se \u201cdomestican\u201d las cosas pero en particular, los amigos. Como la vida es triste, vac\u00eda y mon\u00f3tona si no se  tiene esas personas especiales, \u00fanicas, esos amigos que hacen que nazcan de m\u00ed, y de cada uno, los mejores sentimientos como la felicidad. Y a pesar que s\u00e9 que tarde o temprano los perder\u00e9, y que eso me har\u00e1 llorar, guardo en m\u00ed los mejores sentimientos, y s\u00e9 dentro m\u00edo que esas l\u00e1grimas valdr\u00e1n la pena. Sin olvidar la frase con la que coincido totalmente: \u201cs\u00f3lo con el coraz\u00f3n se puede ver bien; lo esencial es invisible a los ojos\u201d.<br \/>\nUna vez pens\u00e9 si en lugar de contar una historia, el autor no habr\u00eda contado una vivencia personal camuflada bajo la met\u00e1fora de que el principito abandona su planeta y deja all\u00ed su rosa. Lo pens\u00e9 y supuse que el autor hab\u00eda dejado atr\u00e1s en su vida a alguien a quien hab\u00eda amado demasiado. Y me sent\u00ed identificado, ya que tambi\u00e9n yo he dejado a personas muy importantes en mi vida, quiz\u00e1s por no ver \u201clo que se ve s\u00f3lo con los ojos del coraz\u00f3n\u201d, lo esencial como dir\u00eda el zorro. Me he dado cuenta desgraciadamente muy tarde de ello, y creo que esto lo que me une especialmente con el libro. Y no quise saber m\u00e1s del autor o su historia, no porque no me interese, sino que me es mucho m\u00e1s rica as\u00ed, me dice que no olvide, que no cometa los mismos errores, que no juzgue por los que las personas parecen, sino que aprecie lo que son.<br \/>\nPero esto es lo que el libro me dice a m\u00ed y cada vez que me encuentro con una persona que ley\u00f3 el principito y comparte algunos de estos sentimientos, no puedo evitar emocionarme, al igual que lo hago yo cada unos cuantos meses o a\u00f1os, en los que olvido esa frase \u201clo esencial es invisible a los ojos\u201d y todo lo que implica, cuando de nuevo lo leo. Un consejo les dejo, l\u00e9anlo, y no se dejen llevar por la sencillez de su lenguaje, ni los prejuicios de que es un libro infantil. Metaf\u00f3ricamente es el libro m\u00e1s rico que yo he le\u00eddo, y si lo leen disfr\u00fatenlo, vuelvan a ser ni\u00f1os aunque sea un instante\u2026 la vida es demasiado corta como no apreciar los peque\u00f1os momentos, los sencillos, los que, sin darnos cuenta, nos llenan el coraz\u00f3n.<\/p>\n","protected":false},"excerpt":{"rendered":"<p>por Oscar Battiston Pensando en algo que haya marcado mi vida literaria, me puse a recordar los libros que le\u00ed en mi vida. Seguramente me olvido de unos cuantos, pero no creo que hayan sido muchos. Hubo bastantes que empec\u00e9 y que jam\u00e1s termin\u00e9. Pero hay uno en particular, uno que siempre est\u00e1 all\u00ed, esperando [&hellip;]<\/p>\n","protected":false},"author":27,"featured_media":0,"comment_status":"open","ping_status":"closed","sticky":false,"template":"","format":"standard","meta":{"footnotes":""},"categories":[38],"tags":[],"_links":{"self":[{"href":"https:\/\/redaccion1.fcpolit.unr.edu.ar\/comision-reviglio\/wp-json\/wp\/v2\/posts\/156"}],"collection":[{"href":"https:\/\/redaccion1.fcpolit.unr.edu.ar\/comision-reviglio\/wp-json\/wp\/v2\/posts"}],"about":[{"href":"https:\/\/redaccion1.fcpolit.unr.edu.ar\/comision-reviglio\/wp-json\/wp\/v2\/types\/post"}],"author":[{"embeddable":true,"href":"https:\/\/redaccion1.fcpolit.unr.edu.ar\/comision-reviglio\/wp-json\/wp\/v2\/users\/27"}],"replies":[{"embeddable":true,"href":"https:\/\/redaccion1.fcpolit.unr.edu.ar\/comision-reviglio\/wp-json\/wp\/v2\/comments?post=156"}],"version-history":[{"count":0,"href":"https:\/\/redaccion1.fcpolit.unr.edu.ar\/comision-reviglio\/wp-json\/wp\/v2\/posts\/156\/revisions"}],"wp:attachment":[{"href":"https:\/\/redaccion1.fcpolit.unr.edu.ar\/comision-reviglio\/wp-json\/wp\/v2\/media?parent=156"}],"wp:term":[{"taxonomy":"category","embeddable":true,"href":"https:\/\/redaccion1.fcpolit.unr.edu.ar\/comision-reviglio\/wp-json\/wp\/v2\/categories?post=156"},{"taxonomy":"post_tag","embeddable":true,"href":"https:\/\/redaccion1.fcpolit.unr.edu.ar\/comision-reviglio\/wp-json\/wp\/v2\/tags?post=156"}],"curies":[{"name":"wp","href":"https:\/\/api.w.org\/{rel}","templated":true}]}}