{"id":1544,"date":"2019-08-14T17:54:46","date_gmt":"2019-08-14T17:54:46","guid":{"rendered":"http:\/\/fcpolit.unr.edu.ar\/blogs\/redaccion1-reviglio\/?p=1544"},"modified":"2019-08-14T17:54:46","modified_gmt":"2019-08-14T17:54:46","slug":"clase-14-del-13-de-agosto","status":"publish","type":"post","link":"https:\/\/redaccion1.fcpolit.unr.edu.ar\/comision-reviglio\/2019\/08\/14\/clase-14-del-13-de-agosto\/","title":{"rendered":"Clase 14 del 13 de agosto"},"content":{"rendered":"<p>En la clase de esta semana olvid\u00e9 encargar el resumen, por eso esta semana, lo escribo yo.<!--more--><\/p>\n<p>Este martes empezamos la clase con un fr\u00edo inesperado pero el sol despuntando detr\u00e1s del r\u00edo. Hicimos algunas consideraciones sobre el TP 11 que hab\u00eda corregido el d\u00eda anterior y nos pusimos r\u00e1pidamente a trabajar en el inicio del TP 13, cuyas consignas ya est\u00e1n <a href=\"https:\/\/blogs-fcpolit.unr.edu.ar\/redaccion1-reviglio\/2019\/08\/14\/trabajo-practico-n-13-analisis-de-la-coherencia-de-un-texto-noticioso\/\">publicadas aqu\u00ed<\/a>.<\/p>\n<p>En primer lugar, consideramos entre todos qu\u00e9 elementos hab\u00eda que tener en cuenta para realizar un an\u00e1lisis de la coherencia global de una noticia. Las listamos, recordamos brevemente a qu\u00e9 hac\u00eda referencia cada una y, con noticia en mano y en grupos de dos o tres estudiantes, empezamos a trabajar en cada uno de los puntos. Fue una ma\u00f1ana de trabajo arduo en el que mientras los estudiantes iban trabajando en el texto, la profesora, es decir, quien suscribe, iba recorriendo los grupos, aclarando dudas, analizando con los estudiantes el texto en cuesti\u00f3n.<\/p>\n<p>Sobre el final de la clase, cuando algunos ya hab\u00eda completado el trabajo y otros todav\u00eda estaban en plena tarea, hicimos algunas consideraciones respecto de c\u00f3mo ser\u00eda la entrega de ese TP y los temas de la clase que viene.<\/p>\n<p><strong>En la clase del 20 de agosto<\/strong>, abordaremos el tema de Entrevista correspondiente a la unidad cinco. Para ello, recomiendo la lectura de los siguientes textos:<br \/>\n1) Texto base: <a href=\"https:\/\/blogs-fcpolit.unr.edu.ar\/programa\/2008\/03\/29\/la-entrevista-como-herramienta-de-recoleccion-de-datos\/\">La entrevista como herramienta de recolecci\u00f3n de datos<\/a><br \/>\n2) Textos Fuentes <a href=\"https:\/\/blogs-fcpolit.unr.edu.ar\/programa\/2008\/03\/29\/la-entrevista-periodistica-jorge-halperin\/\">&#8220;La entrevista period\u00edstica&#8221;<\/a> de Jorge Halper\u00edn y <a href=\"https:\/\/blogs-fcpolit.unr.edu.ar\/programa\/2008\/03\/29\/la-entrevista-una-invencion-dialogica-leonor-arfuch\/\">&#8220;La entrevista, una invenci\u00f3n dial\u00f3gica&#8221;<\/a>, de Leonor Arfuch.<br \/>\n3) Estos materiales de observaci\u00f3n: <a href=\"https:\/\/www.pagina12.com.ar\/diario\/suplementos\/rosario\/12-49296-2015-05-17.html\">El guardi\u00e1n de las palabras<\/a>, de Julia Comba y <a href=\"https:\/\/www.lanacion.com.ar\/sociedad\/gisel-patroni-despues-de-la-tragedia-en-rosario-que-las-personas-vivan-intensamente-y-disfru-nid1612326\">Gisel Patroni , despu\u00e9s de la tragedia en Rosario: &#8220;Que las personas vivan intensamente y disfruten de cada minuto&#8221;<\/a>, de Juan Mascardi.<\/p>\n","protected":false},"excerpt":{"rendered":"<p>En la clase de esta semana olvid\u00e9 encargar el resumen, por eso esta semana, lo escribo yo.<\/p>\n","protected":false},"author":17,"featured_media":0,"comment_status":"open","ping_status":"open","sticky":false,"template":"","format":"standard","meta":{"footnotes":""},"categories":[6,16,18,32],"tags":[],"_links":{"self":[{"href":"https:\/\/redaccion1.fcpolit.unr.edu.ar\/comision-reviglio\/wp-json\/wp\/v2\/posts\/1544"}],"collection":[{"href":"https:\/\/redaccion1.fcpolit.unr.edu.ar\/comision-reviglio\/wp-json\/wp\/v2\/posts"}],"about":[{"href":"https:\/\/redaccion1.fcpolit.unr.edu.ar\/comision-reviglio\/wp-json\/wp\/v2\/types\/post"}],"author":[{"embeddable":true,"href":"https:\/\/redaccion1.fcpolit.unr.edu.ar\/comision-reviglio\/wp-json\/wp\/v2\/users\/17"}],"replies":[{"embeddable":true,"href":"https:\/\/redaccion1.fcpolit.unr.edu.ar\/comision-reviglio\/wp-json\/wp\/v2\/comments?post=1544"}],"version-history":[{"count":0,"href":"https:\/\/redaccion1.fcpolit.unr.edu.ar\/comision-reviglio\/wp-json\/wp\/v2\/posts\/1544\/revisions"}],"wp:attachment":[{"href":"https:\/\/redaccion1.fcpolit.unr.edu.ar\/comision-reviglio\/wp-json\/wp\/v2\/media?parent=1544"}],"wp:term":[{"taxonomy":"category","embeddable":true,"href":"https:\/\/redaccion1.fcpolit.unr.edu.ar\/comision-reviglio\/wp-json\/wp\/v2\/categories?post=1544"},{"taxonomy":"post_tag","embeddable":true,"href":"https:\/\/redaccion1.fcpolit.unr.edu.ar\/comision-reviglio\/wp-json\/wp\/v2\/tags?post=1544"}],"curies":[{"name":"wp","href":"https:\/\/api.w.org\/{rel}","templated":true}]}}