{"id":154,"date":"2008-06-16T16:33:30","date_gmt":"2008-06-16T16:33:30","guid":{"rendered":"http:\/\/fcpolit.unr.edu.ar\/blogs\/redaccion1-reviglio\/2008\/06\/16\/memorias-de-la-lectura-3\/"},"modified":"2008-06-16T16:33:30","modified_gmt":"2008-06-16T16:33:30","slug":"memorias-de-la-lectura-3","status":"publish","type":"post","link":"https:\/\/redaccion1.fcpolit.unr.edu.ar\/comision-reviglio\/2008\/06\/16\/memorias-de-la-lectura-3\/","title":{"rendered":"Memorias de la lectura 3"},"content":{"rendered":"<p><img loading=\"lazy\" decoding=\"async\" alt=\"Shakespeare%20%26%20co.jpg\" src=\"http:\/\/www.bdp.org.ar\/facultad\/catedras\/comsoc\/redaccion1\/reviglio\/Shakespeare%20%26%20co.jpg\" width=\"134\" height=\"91\" \/><br \/>\n<em>por Eugenia Stachiotti<\/em><br \/>\nNo recuerdo la primera vez que ingrese a una librer\u00eda pero s\u00ed recuerdo una, no s\u00e9 espec\u00edficamente cu\u00e1l, que era enorme, por lo menos a mis ojos. Me fui directamente al sector de ni\u00f1os, donde los colores fuertes predominaban y donde hab\u00eda sillones de colores. R\u00e1pidamente me encontr\u00e9 revisando la secci\u00f3n de terror, donde encontr\u00e9 mi g\u00e9nero de lectura preferido.<\/p>\n<p><!--more--><br \/>\nTom\u00e9 el libro y lo primero que not\u00e9 fue la tapa con una ilustraci\u00f3n terror\u00edfica de un monstruo. Fue por ese motivo que decid\u00ed comprarlo.<br \/>\nCuando llegu\u00e9 a mi casa me sent\u00e9 en el sill\u00f3n y lo le\u00ed entero en ese mismo d\u00eda, ni siquiera almorc\u00e9. Me encontr\u00e9 atrapada en sus hojas, en su historia. En ese momento me di cuenta que las historias m\u00e1s escalofriantes eran mis preferidas.<br \/>\nMis padres aprovecharon mi entusiasmo para hacer de la lectura un h\u00e1bito. Entonces, un d\u00eda mi pap\u00e1 me llev\u00f3 a una librer\u00eda por calle C\u00f3rdoba y me dijo que eligiera  tres libros. Obviamente fui exactamente a la misma secci\u00f3n de la librer\u00eda que hab\u00eda ido semanas anteriores y tom\u00e9 las tres ediciones que le segu\u00edan al libro que yo ya ten\u00eda.<br \/>\nUna vez terminados esos tres libros, tuve la necesidad de seguir comprando las ediciones restantes  para tener la colecci\u00f3n completa.<br \/>\nEsa fue la \u00e9poca en la que m\u00e1s le\u00ed, si mal no recuerdo ten\u00eda unos 10 o 12 a\u00f1os de edad y llevaba mis libros a todos lados: cuando me iba de vacaciones, cuando \u00edbamos a la casa de mis abuelos, a la escuela.<br \/>\nPero ahora, si bien el g\u00e9nero terror y suspenso sigue siendo mi preferido, no leo tan seguido como antes. Ya no leo por placer, sino porque debo hacerlo.<br \/>\nS\u00f3lo espero, alg\u00fan d\u00eda, volver a tener ese mismo entusiasmo por leer como cu\u00e1ndo ten\u00eda, m\u00e1s o menos, unos 12 a\u00f1os de edad.<\/p>\n","protected":false},"excerpt":{"rendered":"<p>por Eugenia Stachiotti No recuerdo la primera vez que ingrese a una librer\u00eda pero s\u00ed recuerdo una, no s\u00e9 espec\u00edficamente cu\u00e1l, que era enorme, por lo menos a mis ojos. Me fui directamente al sector de ni\u00f1os, donde los colores fuertes predominaban y donde hab\u00eda sillones de colores. R\u00e1pidamente me encontr\u00e9 revisando la secci\u00f3n de [&hellip;]<\/p>\n","protected":false},"author":27,"featured_media":0,"comment_status":"open","ping_status":"closed","sticky":false,"template":"","format":"standard","meta":{"footnotes":""},"categories":[38],"tags":[],"_links":{"self":[{"href":"https:\/\/redaccion1.fcpolit.unr.edu.ar\/comision-reviglio\/wp-json\/wp\/v2\/posts\/154"}],"collection":[{"href":"https:\/\/redaccion1.fcpolit.unr.edu.ar\/comision-reviglio\/wp-json\/wp\/v2\/posts"}],"about":[{"href":"https:\/\/redaccion1.fcpolit.unr.edu.ar\/comision-reviglio\/wp-json\/wp\/v2\/types\/post"}],"author":[{"embeddable":true,"href":"https:\/\/redaccion1.fcpolit.unr.edu.ar\/comision-reviglio\/wp-json\/wp\/v2\/users\/27"}],"replies":[{"embeddable":true,"href":"https:\/\/redaccion1.fcpolit.unr.edu.ar\/comision-reviglio\/wp-json\/wp\/v2\/comments?post=154"}],"version-history":[{"count":0,"href":"https:\/\/redaccion1.fcpolit.unr.edu.ar\/comision-reviglio\/wp-json\/wp\/v2\/posts\/154\/revisions"}],"wp:attachment":[{"href":"https:\/\/redaccion1.fcpolit.unr.edu.ar\/comision-reviglio\/wp-json\/wp\/v2\/media?parent=154"}],"wp:term":[{"taxonomy":"category","embeddable":true,"href":"https:\/\/redaccion1.fcpolit.unr.edu.ar\/comision-reviglio\/wp-json\/wp\/v2\/categories?post=154"},{"taxonomy":"post_tag","embeddable":true,"href":"https:\/\/redaccion1.fcpolit.unr.edu.ar\/comision-reviglio\/wp-json\/wp\/v2\/tags?post=154"}],"curies":[{"name":"wp","href":"https:\/\/api.w.org\/{rel}","templated":true}]}}