{"id":153,"date":"2008-06-16T16:28:02","date_gmt":"2008-06-16T16:28:02","guid":{"rendered":"http:\/\/fcpolit.unr.edu.ar\/blogs\/redaccion1-reviglio\/2008\/06\/16\/memorias-de-la-lectura-2\/"},"modified":"2008-06-16T16:28:02","modified_gmt":"2008-06-16T16:28:02","slug":"memorias-de-la-lectura-2","status":"publish","type":"post","link":"https:\/\/redaccion1.fcpolit.unr.edu.ar\/comision-reviglio\/2008\/06\/16\/memorias-de-la-lectura-2\/","title":{"rendered":"Memorias de la lectura 2"},"content":{"rendered":"<p><img loading=\"lazy\" decoding=\"async\" alt=\"portada%20casa%20de%20los%20espiritus.jpg\" src=\"http:\/\/www.bdp.org.ar\/facultad\/catedras\/comsoc\/redaccion1\/reviglio\/portada%20casa%20de%20los%20espiritus.jpg\" width=\"91\" height=\"137\" \/><br \/>\n<em>por Evelin Aguirre<\/em><br \/>\nAll\u00e1 por el 2006, cuando todav\u00eda no encontraba el libro justo con las palabras adecuadas, que atraparan todo el inter\u00e9s de mi persona, ingres\u00e9 al cuarto a\u00f1o de la secundaria.<br \/>\nAll\u00ed, entre macro estructuras y m\u00e9todos literarios, (retrospectivos y prospectivos) llegar\u00eda mi primera novela  y aunque nunca me gust\u00f3 leer o quiz\u00e1s no me gustaba dedicarle tiempo a \u201ceso\u201d, la inici\u00e9 con entusiasmo. Me parec\u00eda raro de m\u00ed.<\/p>\n<p><!--more--><br \/>\nCuando nuestro profesor de Lengua y Literatura nos dijo que tendr\u00edamos que leer,<br \/>\n\u201cLa casa de los Esp\u00edritus\u201d de Isabel Allende, pens\u00e9 que me encontrar\u00eda con una tenebrosa historia de cosas ocultas en una gran mansi\u00f3n, o algo as\u00ed. Pero no, seria algo m\u00e1s  intenso que eso.<br \/>\nMe cost\u00f3 empezarla, le\u00ed mas de tres veces las dos primeras p\u00e1ginas, y dec\u00eda, \u201cNo me gusta leer\u201d, hasta que logre avanzar m\u00e1s de cuatro p\u00e1ginas y fue cuando a trav\u00e9s de las descripciones y momentos comenc\u00e9 a sentirla. Me obsesionaba saber que dir\u00eda la siguiente oraci\u00f3n y ni hablar de las siguientes p\u00e1ginas.<br \/>\nY as\u00ed, en menos de una semana, lo termin\u00e9, y se que ese libro fue el despertar de mi inter\u00e9s como lectora, principalmente de novelas.<br \/>\nLe siguieron novelas como, \u201cEl t\u00fanel\u201d de Ernesto Sabato, \u201cArr\u00e1ncame la vida\u201d de \u00c1ngeles Mastretta, \u201cLa mujer habitada\u201d tambi\u00e9n de Isabel Allende , entre otros.<br \/>\nLo que yo quiero dejar en claro es que quiz\u00e1s decimos, \u201cno me gusta leer\u201d pero en realidad lo que no tenemos es el texto que nos motive a la lectura apasionada delante de nuestros ojos.<\/p>\n","protected":false},"excerpt":{"rendered":"<p>por Evelin Aguirre All\u00e1 por el 2006, cuando todav\u00eda no encontraba el libro justo con las palabras adecuadas, que atraparan todo el inter\u00e9s de mi persona, ingres\u00e9 al cuarto a\u00f1o de la secundaria. All\u00ed, entre macro estructuras y m\u00e9todos literarios, (retrospectivos y prospectivos) llegar\u00eda mi primera novela y aunque nunca me gust\u00f3 leer o quiz\u00e1s [&hellip;]<\/p>\n","protected":false},"author":27,"featured_media":0,"comment_status":"open","ping_status":"closed","sticky":false,"template":"","format":"standard","meta":{"footnotes":""},"categories":[38],"tags":[],"_links":{"self":[{"href":"https:\/\/redaccion1.fcpolit.unr.edu.ar\/comision-reviglio\/wp-json\/wp\/v2\/posts\/153"}],"collection":[{"href":"https:\/\/redaccion1.fcpolit.unr.edu.ar\/comision-reviglio\/wp-json\/wp\/v2\/posts"}],"about":[{"href":"https:\/\/redaccion1.fcpolit.unr.edu.ar\/comision-reviglio\/wp-json\/wp\/v2\/types\/post"}],"author":[{"embeddable":true,"href":"https:\/\/redaccion1.fcpolit.unr.edu.ar\/comision-reviglio\/wp-json\/wp\/v2\/users\/27"}],"replies":[{"embeddable":true,"href":"https:\/\/redaccion1.fcpolit.unr.edu.ar\/comision-reviglio\/wp-json\/wp\/v2\/comments?post=153"}],"version-history":[{"count":0,"href":"https:\/\/redaccion1.fcpolit.unr.edu.ar\/comision-reviglio\/wp-json\/wp\/v2\/posts\/153\/revisions"}],"wp:attachment":[{"href":"https:\/\/redaccion1.fcpolit.unr.edu.ar\/comision-reviglio\/wp-json\/wp\/v2\/media?parent=153"}],"wp:term":[{"taxonomy":"category","embeddable":true,"href":"https:\/\/redaccion1.fcpolit.unr.edu.ar\/comision-reviglio\/wp-json\/wp\/v2\/categories?post=153"},{"taxonomy":"post_tag","embeddable":true,"href":"https:\/\/redaccion1.fcpolit.unr.edu.ar\/comision-reviglio\/wp-json\/wp\/v2\/tags?post=153"}],"curies":[{"name":"wp","href":"https:\/\/api.w.org\/{rel}","templated":true}]}}