{"id":1525,"date":"2019-07-31T11:49:12","date_gmt":"2019-07-31T11:49:12","guid":{"rendered":"http:\/\/fcpolit.unr.edu.ar\/blogs\/redaccion1-reviglio\/?p=1525"},"modified":"2019-07-31T11:49:12","modified_gmt":"2019-07-31T11:49:12","slug":"clase-12-del-30-de-julio","status":"publish","type":"post","link":"https:\/\/redaccion1.fcpolit.unr.edu.ar\/comision-reviglio\/2019\/07\/31\/clase-12-del-30-de-julio\/","title":{"rendered":"Clase 12 del 30 de julio"},"content":{"rendered":"<p><em>Por Macarena Juri<\/em><\/p>\n<p>La clase de Redacci\u00f3n dictada el d\u00eda martes 30 de julio comenz\u00f3 con un repaso de temas situados en la Unidad 4 que dimos la clase anterior, entre ellos; <a href=\"https:\/\/blogs-fcpolit.unr.edu.ar\/programa\/2008\/04\/02\/dos-propiedades-del-texto\/\">Coherencia y Cohesi\u00f3n<\/a>, <a href=\"https:\/\/blogs-fcpolit.unr.edu.ar\/programa\/2008\/04\/02\/coherencia\/\">Coherencia<\/a>: <a href=\"https:\/\/blogs-fcpolit.unr.edu.ar\/programa\/2008\/03\/18\/macroestructuras-estructuras-globales-teun-van-dijk\/\">Macroestructura, Macroposici\u00f3n<\/a>, <a href=\"https:\/\/blogs-fcpolit.unr.edu.ar\/programa\/2012\/09\/19\/macrorreglas-de-la-elaboracion-del-texto\/\">Macroreglas<\/a>.<!--more--><\/p>\n<p>Para continuar con estas nociones, una vez dejadas en claro agregamos m\u00e1s conceptos como: Proyecci\u00f3n sem\u00e1ntica, Proposici\u00f3n, <a href=\"https:\/\/blogs-fcpolit.unr.edu.ar\/programa\/2008\/03\/18\/superestructuras-teun-van-dijk\/\">Superestructura<\/a>, \u00bfC\u00f3mo est\u00e1 formada la superestructura? Y Categor\u00edas. Para que podamos entender bien las categor\u00edas dimos un ejemplo: \u201c<a href=\"https:\/\/blogs-fcpolit.unr.edu.ar\/programa\/2008\/03\/18\/superestructura-del-texto-de-instrucciones-ana-maria-margarit\/\">texto de instrucciones<\/a>\u201d la cual se separaba en dos categor\u00edas(resumen y desarrollo). Una vez explicado esto tuvimos que reunirnos en grupos de dos o tres compa\u00f1eros para producir un texto de instrucciones. La mayor\u00eda hicimos recetas de tarta, caf\u00e9, asado, entre otros.<br \/>\nLuego, analizamos entre todos la <a href=\"https:\/\/blogs-fcpolit.unr.edu.ar\/programa\/2009\/09\/21\/van-dijk-otro-esquema-de-noticia\/\">noticia<\/a> \u201c<a href=\"https:\/\/www.lacapital.com.ar\/policiales\/atropello-un-perro-y-le-balearon-la-puerta-la-casa-n2516160.html?fbclid=IwAR0GGROZS_bzndOCUsdI9BP2E46_BxVvdT1m4H9p2DVIFnyxjgh_yqZHoyw\">Atropell\u00f3 a un perro y le balearon la puerta de la casa<\/a>\u201d. Para el an\u00e1lisis nos basamos en el cuadro conceptual de Discurso noticioso,  relacion\u00e1ndolos y conect\u00e1ndolos con los elementos de una noticia: T\u00edtulo, volanta, bajada y copete.<\/p>\n<p>Al texto de instrucciones que hicimos en grupo, sin modificaciones, lo tenemos que publicar en el grupo de la comisi\u00f3n de Facebook (Redaccion1_C3_2019) con los nombres de cada uno de los integrantes.<\/p>\n<p><strong>Atenci\u00f3n! Para la clase que viene tambi\u00e9n hay que llevar le\u00eddos los diarios de la semana para discutir en clase sobre los temas m\u00e1s importantes que fueron agenda. Vamos a discutirlas en clase.<\/strong><\/p>\n","protected":false},"excerpt":{"rendered":"<p>Por Macarena Juri La clase de Redacci\u00f3n dictada el d\u00eda martes 30 de julio comenz\u00f3 con un repaso de temas situados en la Unidad 4 que dimos la clase anterior, entre ellos; Coherencia y Cohesi\u00f3n, Coherencia: Macroestructura, Macroposici\u00f3n, Macroreglas.<\/p>\n","protected":false},"author":17,"featured_media":0,"comment_status":"open","ping_status":"open","sticky":false,"template":"","format":"standard","meta":{"footnotes":""},"categories":[6,16,32],"tags":[],"_links":{"self":[{"href":"https:\/\/redaccion1.fcpolit.unr.edu.ar\/comision-reviglio\/wp-json\/wp\/v2\/posts\/1525"}],"collection":[{"href":"https:\/\/redaccion1.fcpolit.unr.edu.ar\/comision-reviglio\/wp-json\/wp\/v2\/posts"}],"about":[{"href":"https:\/\/redaccion1.fcpolit.unr.edu.ar\/comision-reviglio\/wp-json\/wp\/v2\/types\/post"}],"author":[{"embeddable":true,"href":"https:\/\/redaccion1.fcpolit.unr.edu.ar\/comision-reviglio\/wp-json\/wp\/v2\/users\/17"}],"replies":[{"embeddable":true,"href":"https:\/\/redaccion1.fcpolit.unr.edu.ar\/comision-reviglio\/wp-json\/wp\/v2\/comments?post=1525"}],"version-history":[{"count":0,"href":"https:\/\/redaccion1.fcpolit.unr.edu.ar\/comision-reviglio\/wp-json\/wp\/v2\/posts\/1525\/revisions"}],"wp:attachment":[{"href":"https:\/\/redaccion1.fcpolit.unr.edu.ar\/comision-reviglio\/wp-json\/wp\/v2\/media?parent=1525"}],"wp:term":[{"taxonomy":"category","embeddable":true,"href":"https:\/\/redaccion1.fcpolit.unr.edu.ar\/comision-reviglio\/wp-json\/wp\/v2\/categories?post=1525"},{"taxonomy":"post_tag","embeddable":true,"href":"https:\/\/redaccion1.fcpolit.unr.edu.ar\/comision-reviglio\/wp-json\/wp\/v2\/tags?post=1525"}],"curies":[{"name":"wp","href":"https:\/\/api.w.org\/{rel}","templated":true}]}}