{"id":152,"date":"2008-06-16T16:21:45","date_gmt":"2008-06-16T16:21:45","guid":{"rendered":"http:\/\/fcpolit.unr.edu.ar\/blogs\/redaccion1-reviglio\/2008\/06\/16\/memorias-de-la-lectura-1\/"},"modified":"2008-06-16T16:21:45","modified_gmt":"2008-06-16T16:21:45","slug":"memorias-de-la-lectura-1","status":"publish","type":"post","link":"https:\/\/redaccion1.fcpolit.unr.edu.ar\/comision-reviglio\/2008\/06\/16\/memorias-de-la-lectura-1\/","title":{"rendered":"Memorias de la lectura 1"},"content":{"rendered":"<p><img loading=\"lazy\" decoding=\"async\" alt=\"principio%20en%20su%20planeta.jpg\" src=\"http:\/\/www.bdp.org.ar\/facultad\/catedras\/comsoc\/redaccion1\/reviglio\/principio%20en%20su%20planeta.jpg\" width=\"97\" height=\"132\" \/><br \/>\n<em>por Juan Veliz<\/em><br \/>\nSi no me equivoco, yo estaba cursando primer a\u00f1o polimodal en mi querida  escuela Dante Alighieri. No recuerdo bien qu\u00e9 fue lo que origin\u00f3 esa charla. Tratando de ponerle un contexto a la situaci\u00f3n, yo dir\u00eda que se trataba de la clase de lengua y que, espec\u00edficamente, est\u00e1bamos hablando de eso: lengua. En esas \u00e9pocas no me pod\u00eda llamar un tipo muy lector (en estas \u00e9pocas tampoco), pero se ve que est\u00e1bamos hablando de alg\u00fan que otro libro que hab\u00eda le\u00eddo.<\/p>\n<p><!--more--><br \/>\nEl caso es que, en ese momento, Ire, una compa\u00f1era semi-amiga, dijo algo que qued\u00f3 grabado en mi cabeza por un par de d\u00edas. Tal vez lo dijo con un poco de inocencia pero me lleg\u00f3 como un pu\u00f1ete de Bruce Lee en el ojo. Ella dijo: \u201cEl que no ley\u00f3 El Principito, no tiene infancia\u201d, mientras miraba a la profe. Pero imagin\u00e9 que me estaba mirando a m\u00ed.<br \/>\nEn ese momento mis amigos que escucharon la sentencia y yo empezamos a registrar el sal\u00f3n. Haciendo cara de \u201cmir\u00e1 si no voy a leer ese libro, es re conocido\u201d y tratando de descifrar qui\u00e9n era el inculto que no lo hab\u00eda le\u00eddo. Estoy seguro que muchos de mis amigos no lo hab\u00edan le\u00eddo, pero no pude descifrar con precisi\u00f3n qui\u00e9n hab\u00eda cometido ese delito. Luego de un momento inc\u00f3modo y un poco gracioso la charla continu\u00f3 con normalidad.<br \/>\nEn fin, la cuesti\u00f3n es que yo no lo hab\u00eda le\u00eddo jam\u00e1s. Y como consecuencia, quise recuperar mi tan ansiada  infancia. Por ende, ni bien llegu\u00e9 a casa comenc\u00e9 la b\u00fasqueda de la llave que permitir\u00eda la apropiaci\u00f3n de mi infancia. Pas\u00f3 un tiempito hasta que me decid\u00ed a leerlo pero comenc\u00e9 sin problemas. De apoco, pero sin problemas. No era un texto dif\u00edcil, de hecho era bastante infantil (supongo que de ah\u00ed que lo tuve que haber le\u00eddo en mi infancia). En una semana ya lo hab\u00eda liquidado.<br \/>\nVoy a ser sincero. No recuerdo casi nada del libro. No me acuerdo ni quien lo escribi\u00f3 ni la frase m\u00e1s c\u00e9lebre del libro. M\u00e1s all\u00e1 de que no era premisa entenderlo ni recordarlo, pens\u00e9 por un momento, que si esto era mi infancia, no me hab\u00eda perdido de nada. Ahora Juan Veliz tiene infancia.<\/p>\n","protected":false},"excerpt":{"rendered":"<p>por Juan Veliz Si no me equivoco, yo estaba cursando primer a\u00f1o polimodal en mi querida escuela Dante Alighieri. No recuerdo bien qu\u00e9 fue lo que origin\u00f3 esa charla. Tratando de ponerle un contexto a la situaci\u00f3n, yo dir\u00eda que se trataba de la clase de lengua y que, espec\u00edficamente, est\u00e1bamos hablando de eso: lengua. [&hellip;]<\/p>\n","protected":false},"author":27,"featured_media":0,"comment_status":"open","ping_status":"closed","sticky":false,"template":"","format":"standard","meta":{"footnotes":""},"categories":[38],"tags":[],"_links":{"self":[{"href":"https:\/\/redaccion1.fcpolit.unr.edu.ar\/comision-reviglio\/wp-json\/wp\/v2\/posts\/152"}],"collection":[{"href":"https:\/\/redaccion1.fcpolit.unr.edu.ar\/comision-reviglio\/wp-json\/wp\/v2\/posts"}],"about":[{"href":"https:\/\/redaccion1.fcpolit.unr.edu.ar\/comision-reviglio\/wp-json\/wp\/v2\/types\/post"}],"author":[{"embeddable":true,"href":"https:\/\/redaccion1.fcpolit.unr.edu.ar\/comision-reviglio\/wp-json\/wp\/v2\/users\/27"}],"replies":[{"embeddable":true,"href":"https:\/\/redaccion1.fcpolit.unr.edu.ar\/comision-reviglio\/wp-json\/wp\/v2\/comments?post=152"}],"version-history":[{"count":0,"href":"https:\/\/redaccion1.fcpolit.unr.edu.ar\/comision-reviglio\/wp-json\/wp\/v2\/posts\/152\/revisions"}],"wp:attachment":[{"href":"https:\/\/redaccion1.fcpolit.unr.edu.ar\/comision-reviglio\/wp-json\/wp\/v2\/media?parent=152"}],"wp:term":[{"taxonomy":"category","embeddable":true,"href":"https:\/\/redaccion1.fcpolit.unr.edu.ar\/comision-reviglio\/wp-json\/wp\/v2\/categories?post=152"},{"taxonomy":"post_tag","embeddable":true,"href":"https:\/\/redaccion1.fcpolit.unr.edu.ar\/comision-reviglio\/wp-json\/wp\/v2\/tags?post=152"}],"curies":[{"name":"wp","href":"https:\/\/api.w.org\/{rel}","templated":true}]}}