{"id":1514,"date":"2019-06-27T16:15:02","date_gmt":"2019-06-27T16:15:02","guid":{"rendered":"http:\/\/fcpolit.unr.edu.ar\/blogs\/redaccion1-reviglio\/?p=1514"},"modified":"2019-06-27T16:15:02","modified_gmt":"2019-06-27T16:15:02","slug":"resumen-clase-10-25-de-junio","status":"publish","type":"post","link":"https:\/\/redaccion1.fcpolit.unr.edu.ar\/comision-reviglio\/2019\/06\/27\/resumen-clase-10-25-de-junio\/","title":{"rendered":"Resumen clase 10: 25 de junio"},"content":{"rendered":"<p>En esta clase devolvimos los parciales y conversamos sobre las dificultades que hab\u00eda relevado en la evaluaci\u00f3n, de cara al recuperatorio que se tomar\u00e1 la semana que viene.<!--more--><\/p>\n<p>Despu\u00e9s, avanzamos en el trabajo sobre el g\u00e9nero de <a href=\"https:\/\/blogs-fcpolit.unr.edu.ar\/programa\/category\/unidad-viii\/\">noticia<\/a> y en relaci\u00f3n con ello, las <a href=\"https:\/\/blogs-fcpolit.unr.edu.ar\/programa\/2008\/03\/29\/enunciados-referidos\/\">maneras de referir discursos<\/a> en los textos period\u00edsticos. Dejo aqu\u00ed, la lista de la bibliograf\u00eda correspondiente a estos temas:<br \/>\n1) Noticia<br \/>\nTextos base:<br \/>\n<a href=\"https:\/\/blogs-fcpolit.unr.edu.ar\/programa\/2008\/03\/11\/noticia-directa-2\/\">Noticia directa<\/a> y <a href=\"https:\/\/blogs-fcpolit.unr.edu.ar\/programa\/2008\/03\/11\/definiciones-y-estructura\/\">Definiciones y estructuras<\/a>.<br \/>\nTextos fuente:<br \/>\n<a href=\"https:\/\/blogs-fcpolit.unr.edu.ar\/programa\/2008\/03\/11\/la-materia-significante-y-la-infraestructura-material-del-mensaje-eliseo-veron\/\">La materia significante y la infraestructura material del mensaje<\/a>, de Eliseo VER\u00d3N<br \/>\n<a href=\"https:\/\/blogs-fcpolit.unr.edu.ar\/programa\/2008\/03\/11\/pautas-para-la-redaccion-de-nota-informativa-vicente-lenero-y-carlos-marin\/\">Pautas para la redacci\u00f3n de nota informativa<\/a>, <a href=\"https:\/\/blogs-fcpolit.unr.edu.ar\/programa\/2008\/03\/11\/los-elementos-que-integran-la-noticia-y-la-valoracion-vicente-lenero-y-carlos-marin\/\">Los elementos que integran la noticia y la valoraci\u00f3n<\/a> y <a href=\"https:\/\/blogs-fcpolit.unr.edu.ar\/programa\/2008\/03\/11\/el-lid-la-entrada-de-la-noticia-vicente-lenero-y-carlos-marin\/\">El lid: la entrada de la noticia<\/a>, todos de Vicente LE\u00d1ERO y Carlos MAR\u00cdN<br \/>\n<a href=\"https:\/\/blogs-fcpolit.unr.edu.ar\/programa\/2008\/03\/11\/concepto-y-estructura-de-la-noticia-mar-de-fontcuberta\/\">Concepto y estructura de la Noticia<\/a>, de Mar DE FONTCUBERTA<\/p>\n<p>2) Enunciados referidos:<br \/>\nPrimero,repasamos <a href=\"https:\/\/blogs-fcpolit.unr.edu.ar\/programa\/2008\/03\/29\/estilos-directo-e-indirecto\/\">algunos conceptos de la teor\u00eda de la enunciaci\u00f3n<\/a> y despu\u00e9s, pasamos revista a los <a href=\"https:\/\/blogs-fcpolit.unr.edu.ar\/programa\/2008\/03\/29\/enunciados-referidos\/\">modos de referir discurso<\/a>. En este marco, tambi\u00e9n vimos la <a href=\"https:\/\/blogs-fcpolit.unr.edu.ar\/programa\/2017\/09\/12\/la-narrativizacion\/\">narrativizaci\u00f3n<\/a> como otro modo y una lista de <a href=\"https:\/\/blogs-fcpolit.unr.edu.ar\/programa\/2008\/03\/29\/campo-semantico-del-decir-mabel-marro-y-amalia-dellamea\/\">verbos del campo sem\u00e1ntico del decir<\/a>.<\/p>\n<p>Sobre este tema, ya est\u00e1 publicada la consigna del <a href=\"https:\/\/blogs-fcpolit.unr.edu.ar\/redaccion1-reviglio\/2019\/06\/24\/trabajo-practico-n-9-segunda-version-de-un-propio-texto\/\">TP 9: Segunda versi\u00f3n de un propio texto<\/a>, con fecha de entrega el mi\u00e9rcoles 3\/7.<\/p>\n","protected":false},"excerpt":{"rendered":"<p>En esta clase devolvimos los parciales y conversamos sobre las dificultades que hab\u00eda relevado en la evaluaci\u00f3n, de cara al recuperatorio que se tomar\u00e1 la semana que viene.<\/p>\n","protected":false},"author":17,"featured_media":0,"comment_status":"open","ping_status":"open","sticky":false,"template":"","format":"standard","meta":{"footnotes":""},"categories":[6,16,18,32],"tags":[],"_links":{"self":[{"href":"https:\/\/redaccion1.fcpolit.unr.edu.ar\/comision-reviglio\/wp-json\/wp\/v2\/posts\/1514"}],"collection":[{"href":"https:\/\/redaccion1.fcpolit.unr.edu.ar\/comision-reviglio\/wp-json\/wp\/v2\/posts"}],"about":[{"href":"https:\/\/redaccion1.fcpolit.unr.edu.ar\/comision-reviglio\/wp-json\/wp\/v2\/types\/post"}],"author":[{"embeddable":true,"href":"https:\/\/redaccion1.fcpolit.unr.edu.ar\/comision-reviglio\/wp-json\/wp\/v2\/users\/17"}],"replies":[{"embeddable":true,"href":"https:\/\/redaccion1.fcpolit.unr.edu.ar\/comision-reviglio\/wp-json\/wp\/v2\/comments?post=1514"}],"version-history":[{"count":0,"href":"https:\/\/redaccion1.fcpolit.unr.edu.ar\/comision-reviglio\/wp-json\/wp\/v2\/posts\/1514\/revisions"}],"wp:attachment":[{"href":"https:\/\/redaccion1.fcpolit.unr.edu.ar\/comision-reviglio\/wp-json\/wp\/v2\/media?parent=1514"}],"wp:term":[{"taxonomy":"category","embeddable":true,"href":"https:\/\/redaccion1.fcpolit.unr.edu.ar\/comision-reviglio\/wp-json\/wp\/v2\/categories?post=1514"},{"taxonomy":"post_tag","embeddable":true,"href":"https:\/\/redaccion1.fcpolit.unr.edu.ar\/comision-reviglio\/wp-json\/wp\/v2\/tags?post=1514"}],"curies":[{"name":"wp","href":"https:\/\/api.w.org\/{rel}","templated":true}]}}