{"id":1510,"date":"2019-06-24T19:58:00","date_gmt":"2019-06-24T19:58:00","guid":{"rendered":"http:\/\/fcpolit.unr.edu.ar\/blogs\/redaccion1-reviglio\/?p=1510"},"modified":"2019-06-24T19:58:00","modified_gmt":"2019-06-24T19:58:00","slug":"trabajo-practico-n-9-segunda-version-de-un-propio-texto","status":"publish","type":"post","link":"https:\/\/redaccion1.fcpolit.unr.edu.ar\/comision-reviglio\/2019\/06\/24\/trabajo-practico-n-9-segunda-version-de-un-propio-texto\/","title":{"rendered":"Trabajo Pr\u00e1ctico N\u00b0 9: Segunda versi\u00f3n de un propio texto"},"content":{"rendered":"<p><strong>Objetivos<\/strong>: que los estudiantes<br \/>\nrevisen textos propios a partir de nuevos conceptos para reformularlos.<br \/>\nanalicen un texto a partir de los conceptos vinculados al tema \u201cnoticia\u201d<!--more--><br \/>\nescriban una noticia seg\u00fan pautas formuladas<\/p>\n<p><strong>Consignas:<\/strong><br \/>\n1.- Recuper\u00e1 y rele\u00e9 el texto que escribiste para la consigna del <a href=\"https:\/\/blogs-fcpolit.unr.edu.ar\/redaccion1-reviglio\/2019\/05\/27\/trabajo-practico-n6-notas-para-un-texto-futuro-version-2019\/\">TP 7 \u201cNotas para un texto futuro, versi\u00f3n 2019\u201d<\/a>.<\/p>\n<p>2.- Autoevalu\u00e1 el trabajo respondiendo las siguientes preguntas:<br \/>\na) \u00bfQu\u00e9 informaci\u00f3n ten\u00edas de la actividad en el momento de asistir? \u00bfC\u00f3mo la conseguiste? \u00bfCre\u00e9s que si hubieras tenido m\u00e1s informaci\u00f3n el texto hubiera ganado en algo?<br \/>\nb) \u00bfBuscaste informaci\u00f3n sobre sus participantes? \u00bfAntes de ir a la actividad o antes de escribir el texto? \u00bfTe parece que la informaci\u00f3n extra sobre los participantes te hubiera ayudado \/ te ayud\u00f3 a alimentar el texto de alguna manera? \u00bfY a entender de lo que hablaban?<br \/>\nc) \u00bfC\u00f3mo incorporaste las citas textuales? \u00bfSeguiste alguna norma que ya conoc\u00edas o lo hiciste intuitivamente? Ahora que vimos las <a href=\"https:\/\/blogs-fcpolit.unr.edu.ar\/programa\/2008\/03\/29\/enunciados-referidos\/\">maneras de referir discursos<\/a>, \u00bfte parece que podr\u00edas mejorarlo?<br \/>\nd) En funci\u00f3n de lo que trabajamos respecto de la noticia, \u00bfcambiar\u00edas algo del primer p\u00e1rrafo para que el texto se acerque al g\u00e9nero noticia y funcione como <a href=\"https:\/\/blogs-fcpolit.unr.edu.ar\/programa\/2008\/03\/11\/el-lid-la-entrada-de-la-noticia-vicente-lenero-y-carlos-marin\/\">lid<\/a>? \u00bfQu\u00e9?<br \/>\ne) \u00bfEliminar\u00edas alguna informaci\u00f3n no relevante o la incorporar\u00edas al texto de otra manera? \u00bfCu\u00e1l?<br \/>\nf) \u00bfReordenar\u00edas en algo la informaci\u00f3n para que el texto responda a la <a href=\"https:\/\/blogs-fcpolit.unr.edu.ar\/programa\/2008\/03\/11\/definiciones-y-estructura\/\">estructura de noticia<\/a>? \u00bfSumar\u00edas informaci\u00f3n nueva? \u00bfCu\u00e1l? \u00bfPara qu\u00e9? (Texto base definiciones y estructuras)<br \/>\ng) \u00bfTu texto tiene un buen remate como se plantea en el <a href=\"https:\/\/blogs-fcpolit.unr.edu.ar\/programa\/2008\/03\/11\/definiciones-y-estructura\/\">texto base 2<\/a>? \u00bfPor qu\u00e9? \u00bfLo modificar\u00edas?<br \/>\nh) A partir del texto <a href=\"https:\/\/blogs-fcpolit.unr.edu.ar\/programa\/2008\/03\/11\/pautas-para-la-redaccion-de-nota-informativa-vicente-lenero-y-carlos-marin\/\">Pautas para la redacci\u00f3n de nota informativa <\/a>de Le\u00f1ero y Mar\u00edn, \u00bfen qu\u00e9 cosas falla tu texto?<\/p>\n<p>3.- A partir de la bibliograf\u00eda consultada y de las respuestas de la consigna anterior, reescrib\u00ed el texto presentado en el TP 7 para que responda al formato de una noticia. Titul\u00e1 (pod\u00e9s conservar el t\u00edtulo anterior o cambiarlo si lo consider\u00e1s necesario).<\/p>\n<p>Fecha de entrega: mi\u00e9rcoles 3 de julio por correo electr\u00f3nico en archivo adjunto al correo ceciliareviglio@hotmail.com<\/p>\n","protected":false},"excerpt":{"rendered":"<p>Objetivos: que los estudiantes revisen textos propios a partir de nuevos conceptos para reformularlos. analicen un texto a partir de los conceptos vinculados al tema \u201cnoticia\u201d<\/p>\n","protected":false},"author":17,"featured_media":0,"comment_status":"open","ping_status":"open","sticky":false,"template":"","format":"standard","meta":{"footnotes":""},"categories":[6,16,39],"tags":[],"_links":{"self":[{"href":"https:\/\/redaccion1.fcpolit.unr.edu.ar\/comision-reviglio\/wp-json\/wp\/v2\/posts\/1510"}],"collection":[{"href":"https:\/\/redaccion1.fcpolit.unr.edu.ar\/comision-reviglio\/wp-json\/wp\/v2\/posts"}],"about":[{"href":"https:\/\/redaccion1.fcpolit.unr.edu.ar\/comision-reviglio\/wp-json\/wp\/v2\/types\/post"}],"author":[{"embeddable":true,"href":"https:\/\/redaccion1.fcpolit.unr.edu.ar\/comision-reviglio\/wp-json\/wp\/v2\/users\/17"}],"replies":[{"embeddable":true,"href":"https:\/\/redaccion1.fcpolit.unr.edu.ar\/comision-reviglio\/wp-json\/wp\/v2\/comments?post=1510"}],"version-history":[{"count":0,"href":"https:\/\/redaccion1.fcpolit.unr.edu.ar\/comision-reviglio\/wp-json\/wp\/v2\/posts\/1510\/revisions"}],"wp:attachment":[{"href":"https:\/\/redaccion1.fcpolit.unr.edu.ar\/comision-reviglio\/wp-json\/wp\/v2\/media?parent=1510"}],"wp:term":[{"taxonomy":"category","embeddable":true,"href":"https:\/\/redaccion1.fcpolit.unr.edu.ar\/comision-reviglio\/wp-json\/wp\/v2\/categories?post=1510"},{"taxonomy":"post_tag","embeddable":true,"href":"https:\/\/redaccion1.fcpolit.unr.edu.ar\/comision-reviglio\/wp-json\/wp\/v2\/tags?post=1510"}],"curies":[{"name":"wp","href":"https:\/\/api.w.org\/{rel}","templated":true}]}}