{"id":1508,"date":"2019-06-12T12:12:30","date_gmt":"2019-06-12T12:12:30","guid":{"rendered":"http:\/\/fcpolit.unr.edu.ar\/blogs\/redaccion1-reviglio\/?p=1508"},"modified":"2019-06-12T12:12:30","modified_gmt":"2019-06-12T12:12:30","slug":"resumen-clase-8-11-de-junio","status":"publish","type":"post","link":"https:\/\/redaccion1.fcpolit.unr.edu.ar\/comision-reviglio\/2019\/06\/12\/resumen-clase-8-11-de-junio\/","title":{"rendered":"Resumen clase 8: 11 de junio"},"content":{"rendered":"<p>Dado el parcial de Pensamiento de ayer y el de Redacci\u00f3n de la pr\u00f3xima semana, los dispens\u00e9 esta vez de escribir el resumen de la clase.<!--more--><\/p>\n<p>La clase empez\u00f3 unos minutos tarde (problemas de transporte p\u00fablico) y con poca pero valiente y activa asistencia. Hablamos bastante de los TP <a href=\"https:\/\/blogs-fcpolit.unr.edu.ar\/redaccion1-reviglio\/2019\/05\/27\/trabajo-practico-n6-deslindando-mundos\/\">6 <\/a>y <a href=\"https:\/\/blogs-fcpolit.unr.edu.ar\/redaccion1-reviglio\/2019\/05\/27\/trabajo-practico-n6-notas-para-un-texto-futuro-version-2019\/\">7<\/a> y despu\u00e9s de eso, seguimos con los temas que faltaban de la unidad dos: Factores de comprensi\u00f3n.<\/p>\n<p>En ese marco, avanzamos sobre la <a href=\"https:\/\/blogs-fcpolit.unr.edu.ar\/programa\/2008\/03\/10\/la-estructura-de-los-textos-y-la-comprension-mabel-marro-y-amalia-dellamea\/\">estructura de los textos<\/a>, <a href=\"https:\/\/blogs-fcpolit.unr.edu.ar\/programa\/2008\/03\/10\/estados-afectivos-cognitivos-y-metacognitivos-mabel-marro-y-amalia-dellamea\/\">los estados afectivos, cognitivos y metacognitivos<\/a> de los lectores y el <a href=\"https:\/\/blogs-fcpolit.unr.edu.ar\/programa\/2016\/07\/03\/la-influencia-de-los-soportes-textuales-en-las-practicas-de-lectura-un-recorrido-por-la-historia-de-los-textos-escritos\/?fbclid=IwAR3-sFrxy9WzXogvBvWe__jQn8bCNgTXKVBx-eCxBtRCEh0djxVGwXdPkFo\">soporte material de los textos<\/a>, as\u00ed como la diferencia entre <a href=\"https:\/\/blogs-fcpolit.unr.edu.ar\/programa\/2016\/07\/03\/ficha-leernavegar-en-internet-las-formas-de-lectura-en-la-computadora\/?fbclid=IwAR3pXfXOIebWQvJIVzxEDhvomjaDNxyv071h_8tn8yJttUmNyRM7DVouuuw\">leer y navegar<\/a> en el marco de la lectura en internet.(De todos modos, tengan en cuenta que estos dos \u00faltimos textos no son parte de la bibliograf\u00eda del parcial).<\/p>\n<p>Con estos temas, terminamos la clase y la unidad.<br \/>\n<strong>Importante para recordar:<\/strong><br \/>\nYa est\u00e1n publicadas las <a href=\"https:\/\/blogs-fcpolit.unr.edu.ar\/redaccion1-reviglio\/2019\/06\/10\/trabajo-practico-8-ese-hombre-esa-mujer-y-rodolfo-walsh-lectores-inferentes-ii\/\">consignas del TP8 <\/a>sobre temas de la unidad dos.<br \/>\nEl <strong>martes 18\/6 <\/strong>tomaremos el <strong>parcial<\/strong>. La cita es a las <strong>8:45 hs<\/strong>. A las 9 en punto comenzaremos el examen y una vez que alguien entregue, ya nadie podr\u00e1 comenzar el examen. <strong>Ergo, sean puntuales.<\/strong><br \/>\n<strong>Despu\u00e9s del parcial del martes, no se reciben trabajos correspondientes a la unidad 1<\/strong> (a excepci\u00f3n de algunos casos de trabajos rehechos cuya fecha propuesta por la profesora para la entrega sea otra).<\/p>\n<p>Espero que hayan tenido buen parcial ayer. Buena semana de estudio para el martes. Si hay dudas o consultas, no dejen de enviarlas por mail o en el grupo de facebook.<\/p>\n","protected":false},"excerpt":{"rendered":"<p>Dado el parcial de Pensamiento de ayer y el de Redacci\u00f3n de la pr\u00f3xima semana, los dispens\u00e9 esta vez de escribir el resumen de la clase.<\/p>\n","protected":false},"author":17,"featured_media":0,"comment_status":"open","ping_status":"open","sticky":false,"template":"","format":"standard","meta":{"footnotes":""},"categories":[6,16,32],"tags":[],"_links":{"self":[{"href":"https:\/\/redaccion1.fcpolit.unr.edu.ar\/comision-reviglio\/wp-json\/wp\/v2\/posts\/1508"}],"collection":[{"href":"https:\/\/redaccion1.fcpolit.unr.edu.ar\/comision-reviglio\/wp-json\/wp\/v2\/posts"}],"about":[{"href":"https:\/\/redaccion1.fcpolit.unr.edu.ar\/comision-reviglio\/wp-json\/wp\/v2\/types\/post"}],"author":[{"embeddable":true,"href":"https:\/\/redaccion1.fcpolit.unr.edu.ar\/comision-reviglio\/wp-json\/wp\/v2\/users\/17"}],"replies":[{"embeddable":true,"href":"https:\/\/redaccion1.fcpolit.unr.edu.ar\/comision-reviglio\/wp-json\/wp\/v2\/comments?post=1508"}],"version-history":[{"count":0,"href":"https:\/\/redaccion1.fcpolit.unr.edu.ar\/comision-reviglio\/wp-json\/wp\/v2\/posts\/1508\/revisions"}],"wp:attachment":[{"href":"https:\/\/redaccion1.fcpolit.unr.edu.ar\/comision-reviglio\/wp-json\/wp\/v2\/media?parent=1508"}],"wp:term":[{"taxonomy":"category","embeddable":true,"href":"https:\/\/redaccion1.fcpolit.unr.edu.ar\/comision-reviglio\/wp-json\/wp\/v2\/categories?post=1508"},{"taxonomy":"post_tag","embeddable":true,"href":"https:\/\/redaccion1.fcpolit.unr.edu.ar\/comision-reviglio\/wp-json\/wp\/v2\/tags?post=1508"}],"curies":[{"name":"wp","href":"https:\/\/api.w.org\/{rel}","templated":true}]}}