{"id":150,"date":"2008-06-10T12:56:14","date_gmt":"2008-06-10T12:56:14","guid":{"rendered":"http:\/\/fcpolit.unr.edu.ar\/blogs\/redaccion1-reviglio\/2008\/06\/10\/clase-10-9-de-junio\/"},"modified":"2008-06-10T12:56:14","modified_gmt":"2008-06-10T12:56:14","slug":"clase-10-9-de-junio","status":"publish","type":"post","link":"https:\/\/redaccion1.fcpolit.unr.edu.ar\/comision-reviglio\/2008\/06\/10\/clase-10-9-de-junio\/","title":{"rendered":"Clase 10 &#8211; 9 de junio"},"content":{"rendered":"<p><img loading=\"lazy\" decoding=\"async\" alt=\"imagen%20azul.jpg\" src=\"http:\/\/www.bdp.org.ar\/facultad\/catedras\/comsoc\/redaccion1\/reviglio\/imagen%20azul.jpg\" width=\"101\" height=\"123\" \/><br \/>\n<em>por Juan  Veliz<\/em><br \/>\nLlegu\u00e9 un poquito tarde a la clase, as\u00ed que cualquier dato faltante, es cuesti\u00f3n de preguntar a alguno de nuestros compa\u00f1eros que lleg\u00f3 puntual o a la profe. Antes de empezar y ya aclarado esto, quiero dedicarle un saludo enorme a aquel compa\u00f1ero que cuando yo ven\u00eda entrando a la clase, dijo: \u201dPor qu\u00e9 no se lo damos a Juan?\u201d. Y as\u00ed aprovecharon cruelmente que yo estaba desprevenido para enchufarme el trabajo. Pero bueno, voy a hacer lo mejor que pueda.<\/p>\n<p><!--more--><br \/>\nEl lunes, la profe nos dio una gran noticia (alta noticia). Dijo que la fecha \u201cl\u00edmite\u201d para entregar los trabajos de la primera unidad se extend\u00eda hasta el mi\u00e9rcoles 11 de este mes y que los recuperatorios se pod\u00edan entregar hasta el otro mi\u00e9rcoles (mi\u00e9rcoles 18).Y m\u00e1s importante todav\u00eda, para los que, como yo no sab\u00edan, se posterg\u00f3 el parcial por feriado nacional. P\u00f3nganse las pilas, vagos. El parcial ser\u00e1, entonces, el 23 de junio.<br \/>\nDespu\u00e9s aclar\u00f3 que en el parcial entraban todos los textos de la unidad 1, 2 y los que vimos de la unidad 8. Y dijo que no s\u00f3lo se iba a tomar el contenido, sino, tambi\u00e9n el continente. Es decir la ortograf\u00eda, letra legible, etc. P\u00f3nganse las pilas, vagos.<br \/>\nYa me cans\u00e9 de tirar datos pero la lista sigue porque se programaron las fechas siguientes:<br \/>\n*23\/06: Parcial. P\u00f3nganse las pilas, vagos (jaja)<br \/>\n*30\/06: Nos dan las notas del parcial.<br \/>\n*07\/07: Recuperatorio de los que le fue mal. Es decir, a los que no me hicieron caso cuando dije que se pusieran las pilas (jaja).<br \/>\nM\u00e1s tarde empezamos la unidad 5. Fue bastante fluida la clase porque todos hab\u00edamos le\u00eddo los textos. Primero se dio una intro a cerca de la \u201cTeor\u00eda de la Enunciaron\u201d de mi buen amigo Benveniste, para dar paso al  correcto uso de la citaci\u00f3n.<br \/>\nExisten 4 formas de hacerlo: Estilo directo, estilo indirecto, estilo mixto y estilo directo h\u00edbrido. Adelante, eleg\u00ed. Estoy seguro de que perder\u00e1s\u2026 Adem\u00e1s, existe la herramienta llamada \u201cfrase enfatizada\u201d.<br \/>\nAl terminar esto se dio el peor momento de la clase: tarea. Se fijaron para la semana del parcial el TPn\u00ba 14 <a href=\"http:\/\/www.bdp.org.ar\/facultad\/catedras\/comsoc\/redaccion1\/unidades\/2008\/03\/transformaciones_1.php\">\u201cTransformaciones\u201d<\/a> y la <a href=\"http:\/\/www.bdp.org.ar\/facultad\/catedras\/comsoc\/redaccion1\/unidades\/2008\/03\/inventario_de_discursos_referi.php\">Actividad n\u00ba 7 \u201cInventario de discursos referidos\u201d.<\/a><br \/>\nLlegando al final, le\u00edmos el regalo textual de Eve\u2026 Ah!! Cierto que falt\u00f3\u2026 Este es el momento donde le mando un saludo enorme a mi compa\u00f1era Evelyn que se olvid\u00f3 de nosotros y no trajo su regalito. Ahora si lo traes, no lo vamos a escuchar\u2026  jaja\u2026 No, mentira. Traelo para el 30.<br \/>\nEn ese momento, salt\u00f3 Laura y nos salv\u00f3 las papas. Ella ven\u00eda preparada con su texto y aprovech\u00f3 el momento para leerlo. Nos regal\u00f3 Celebraci\u00f3n de la voz humana de mi otro buen amigo, Eduardo Galeano.<br \/>\nPor \u00faltimo y no menos importante, nuestro auxiliar docente, Franco Motta, dirigi\u00f3 el taller de lectura.<br \/>\nPD: por cualquier queja o duda llamar al 09982- 092832- 323112- 0947409- 98273. Alguien los va a atender, no se preocupen. El tema es que no vivo ac\u00e1. Jaja<\/p>\n","protected":false},"excerpt":{"rendered":"<p>por Juan Veliz Llegu\u00e9 un poquito tarde a la clase, as\u00ed que cualquier dato faltante, es cuesti\u00f3n de preguntar a alguno de nuestros compa\u00f1eros que lleg\u00f3 puntual o a la profe. Antes de empezar y ya aclarado esto, quiero dedicarle un saludo enorme a aquel compa\u00f1ero que cuando yo ven\u00eda entrando a la clase, dijo: [&hellip;]<\/p>\n","protected":false},"author":27,"featured_media":0,"comment_status":"open","ping_status":"closed","sticky":false,"template":"","format":"standard","meta":{"footnotes":""},"categories":[18],"tags":[],"_links":{"self":[{"href":"https:\/\/redaccion1.fcpolit.unr.edu.ar\/comision-reviglio\/wp-json\/wp\/v2\/posts\/150"}],"collection":[{"href":"https:\/\/redaccion1.fcpolit.unr.edu.ar\/comision-reviglio\/wp-json\/wp\/v2\/posts"}],"about":[{"href":"https:\/\/redaccion1.fcpolit.unr.edu.ar\/comision-reviglio\/wp-json\/wp\/v2\/types\/post"}],"author":[{"embeddable":true,"href":"https:\/\/redaccion1.fcpolit.unr.edu.ar\/comision-reviglio\/wp-json\/wp\/v2\/users\/27"}],"replies":[{"embeddable":true,"href":"https:\/\/redaccion1.fcpolit.unr.edu.ar\/comision-reviglio\/wp-json\/wp\/v2\/comments?post=150"}],"version-history":[{"count":0,"href":"https:\/\/redaccion1.fcpolit.unr.edu.ar\/comision-reviglio\/wp-json\/wp\/v2\/posts\/150\/revisions"}],"wp:attachment":[{"href":"https:\/\/redaccion1.fcpolit.unr.edu.ar\/comision-reviglio\/wp-json\/wp\/v2\/media?parent=150"}],"wp:term":[{"taxonomy":"category","embeddable":true,"href":"https:\/\/redaccion1.fcpolit.unr.edu.ar\/comision-reviglio\/wp-json\/wp\/v2\/categories?post=150"},{"taxonomy":"post_tag","embeddable":true,"href":"https:\/\/redaccion1.fcpolit.unr.edu.ar\/comision-reviglio\/wp-json\/wp\/v2\/tags?post=150"}],"curies":[{"name":"wp","href":"https:\/\/api.w.org\/{rel}","templated":true}]}}