{"id":1493,"date":"2019-05-28T23:36:07","date_gmt":"2019-05-28T23:36:07","guid":{"rendered":"http:\/\/fcpolit.unr.edu.ar\/blogs\/redaccion1-reviglio\/?p=1493"},"modified":"2019-05-28T23:36:07","modified_gmt":"2019-05-28T23:36:07","slug":"resumen-clase-6-28-de-mayo","status":"publish","type":"post","link":"https:\/\/redaccion1.fcpolit.unr.edu.ar\/comision-reviglio\/2019\/05\/28\/resumen-clase-6-28-de-mayo\/","title":{"rendered":"Resumen clase 6: 28 de mayo"},"content":{"rendered":"<p><em>Por Juan S\u00e1nchez<\/em><\/p>\n<p>La clase de hoy comenz\u00f3 con algunas aclaraciones de la profesora respecto al <a href=\"https:\/\/blogs-fcpolit.unr.edu.ar\/redaccion1-reviglio\/2019\/05\/14\/trabajo-practico-5-parte-ii-la-hora-de-la-redaccion\/\">Trabajo Pr\u00e1ctico 5<\/a>. Despu\u00e9s se expuso el cronograma de dictado de las pr\u00f3ximas clases, aclarando la fecha del parcial (18 de junio a las 08:45hs) y la del recuperatorio (2 de julio a las 08:00hs). En el parcial se evaluar\u00e1n los distintos contenidos te\u00f3ricos desarrollados tanto en los textos base como en los textos fuente de las <a href=\"https:\/\/blogs-fcpolit.unr.edu.ar\/programa\/category\/unidad-i\/\">unidades 1<\/a> y <a href=\"https:\/\/blogs-fcpolit.unr.edu.ar\/programa\/category\/unidad-ii\/\">2<\/a> (que empezaremos a estudiar la semana que viene). <!--more--><\/p>\n<p>Para cerrar lo trabajado en el <a href=\"https:\/\/blogs-fcpolit.unr.edu.ar\/programa\/2007\/05\/18\/estrategias-interactivas-y-pragmaticas-t-base-10\/\">texto base 10<\/a>, la profesora propuso la lectura y an\u00e1lisis de <a href=\"https:\/\/www.clarin.com\/cultura\/carta-machismo-literario-completa_0_xjzLiFKxO.html\">&#8220;Contra el machismo literario&#8221;<\/a>, un escrito de autores y autoras reunidos en el evento Bienal de Novela Mario Vargas Llosa, en el que desmenuzamos p\u00e1rrafo por p\u00e1rrafo los distintos actos de habla.<br \/>\nLuego trabajamos con el <a href=\"https:\/\/blogs-fcpolit.unr.edu.ar\/programa\/2007\/05\/18\/estrategias-de-produccion-semantica-t-base-11\/\">texto base 11<\/a>, centrado en las estrategias de producci\u00f3n, este caso, sem\u00e1nticas, y en lo que \u00e9stas suponen a la hora de tomar decisiones. Nos enfocamos en la construcci\u00f3n de significados, que es de los que se ocupan estas estrategias. Por un lado, la profesora mencion\u00f3 que su car\u00e1cter puede ser <a href=\"https:\/\/blogs-fcpolit.unr.edu.ar\/programa\/2008\/03\/11\/proposiciones-teun-van-dijk\/\">intesional o extensional<\/a>. A partir de ello, hablamos sobre la <a href=\"https:\/\/blogs-fcpolit.unr.edu.ar\/programa\/2008\/03\/11\/alguien-se-burla-de-otro-y-luego-es-burlado-por-el-mabel-marro-y-amalia-dellamea\/\">\u201cmacroestructura\u201d<\/a>, es decir, la representaci\u00f3n del contenido global del texto, y la <a href=\"https:\/\/blogs-fcpolit.unr.edu.ar\/programa\/2008\/03\/11\/que-son-las-superestructuras-teun-van-dijk\/\">\u201csuperestructura\u201d<\/a>, que refiere al formato global del texto. Sobre la \u201csuperestructura\u201d, tambi\u00e9n se trat\u00f3 el tema del <a href=\"https:\/\/blogs-fcpolit.unr.edu.ar\/programa\/2008\/03\/11\/orden-natural-mabel-marro-y-amalia-dellamea\/\">orden natural<\/a> y del <a href=\"https:\/\/blogs-fcpolit.unr.edu.ar\/programa\/2008\/03\/11\/reordenamientos-mabel-marro-y-amalia-dellamea\/\">reordenamiento<\/a>, que puede ser cognitivo, ret\u00f3rico, pragm\u00e1tico e interaccional.<br \/>\nPor \u00faltimo, y en relaci\u00f3n al <a href=\"https:\/\/blogs-fcpolit.unr.edu.ar\/programa\/2007\/05\/18\/estrategias-para-establecer-la-coherencia-local-t-base-12\/\">texto base 12<\/a>, se desarroll\u00f3 el concepto de <a href=\"https:\/\/blogs-fcpolit.unr.edu.ar\/programa\/2008\/03\/11\/coherencia-local-definicion-teun-van-dijk\/\">\u201ccoherencia local\u201d<\/a>, procedimiento a trav\u00e9s de los cuales se conectan y se relacionan las oraciones y producen significados, y se trabaj\u00f3 sobre algunas caracter\u00edsticas que se desprenden de \u00e9l, como la de <a href=\"https:\/\/blogs-fcpolit.unr.edu.ar\/programa\/2008\/03\/11\/proposiciones-y-mundo-posible-teun-van-dijk\/\">\u201cun mundo posible\u201d<\/a>, <a href=\"https:\/\/blogs-fcpolit.unr.edu.ar\/programa\/2008\/03\/11\/coherencia-y-marcos-de-conocimiento-teun-van-dijk\/\">\u201cel conocimiento del mundo\u201d<\/a>, y las relaciones <a href=\"https:\/\/blogs-fcpolit.unr.edu.ar\/programa\/2008\/03\/11\/relaciones-causa-consecuencia-teun-van-dijk\/\">\u201ccausa-consecuencia\u201d<\/a>, <a href=\"https:\/\/blogs-fcpolit.unr.edu.ar\/programa\/2008\/03\/11\/relaciones-motivos-acciones-teun-van-dijk\/\">\u201cmotivos-acciones\u201d<\/a>, <a href=\"https:\/\/blogs-fcpolit.unr.edu.ar\/programa\/2008\/03\/11\/el-fenomeno-de-la-referencia-en-el-texto-teun-van-dijk\/\">relaciones referenciales<\/a> y <a href=\"https:\/\/blogs-fcpolit.unr.edu.ar\/programa\/2008\/03\/11\/maneras-de-distribuir-la-informacion-teun-van-dijk\/\">\u201cnuevo-conocido\u201d<\/a>.<\/p>\n<p>Tambi\u00e9n se aclar\u00f3 que ya est\u00e1n publicadas las consignas de los <a href=\"https:\/\/blogs-fcpolit.unr.edu.ar\/redaccion1-reviglio\/2019\/05\/27\/trabajo-practico-n6-deslindando-mundos\/\">TP 6 <\/a>(sobre los temas que trabajamos hoy) y <a href=\"https:\/\/blogs-fcpolit.unr.edu.ar\/redaccion1-reviglio\/2019\/05\/27\/trabajo-practico-n6-notas-para-un-texto-futuro-version-2019\/\">7<\/a> (sobre la actividad por el d\u00eda del periodista o la feria del libro)<\/p>\n","protected":false},"excerpt":{"rendered":"<p>Por Juan S\u00e1nchez La clase de hoy comenz\u00f3 con algunas aclaraciones de la profesora respecto al Trabajo Pr\u00e1ctico 5. Despu\u00e9s se expuso el cronograma de dictado de las pr\u00f3ximas clases, aclarando la fecha del parcial (18 de junio a las 08:45hs) y la del recuperatorio (2 de julio a las 08:00hs). En el parcial se [&hellip;]<\/p>\n","protected":false},"author":17,"featured_media":0,"comment_status":"open","ping_status":"open","sticky":false,"template":"","format":"standard","meta":{"footnotes":""},"categories":[6,16,32],"tags":[],"_links":{"self":[{"href":"https:\/\/redaccion1.fcpolit.unr.edu.ar\/comision-reviglio\/wp-json\/wp\/v2\/posts\/1493"}],"collection":[{"href":"https:\/\/redaccion1.fcpolit.unr.edu.ar\/comision-reviglio\/wp-json\/wp\/v2\/posts"}],"about":[{"href":"https:\/\/redaccion1.fcpolit.unr.edu.ar\/comision-reviglio\/wp-json\/wp\/v2\/types\/post"}],"author":[{"embeddable":true,"href":"https:\/\/redaccion1.fcpolit.unr.edu.ar\/comision-reviglio\/wp-json\/wp\/v2\/users\/17"}],"replies":[{"embeddable":true,"href":"https:\/\/redaccion1.fcpolit.unr.edu.ar\/comision-reviglio\/wp-json\/wp\/v2\/comments?post=1493"}],"version-history":[{"count":0,"href":"https:\/\/redaccion1.fcpolit.unr.edu.ar\/comision-reviglio\/wp-json\/wp\/v2\/posts\/1493\/revisions"}],"wp:attachment":[{"href":"https:\/\/redaccion1.fcpolit.unr.edu.ar\/comision-reviglio\/wp-json\/wp\/v2\/media?parent=1493"}],"wp:term":[{"taxonomy":"category","embeddable":true,"href":"https:\/\/redaccion1.fcpolit.unr.edu.ar\/comision-reviglio\/wp-json\/wp\/v2\/categories?post=1493"},{"taxonomy":"post_tag","embeddable":true,"href":"https:\/\/redaccion1.fcpolit.unr.edu.ar\/comision-reviglio\/wp-json\/wp\/v2\/tags?post=1493"}],"curies":[{"name":"wp","href":"https:\/\/api.w.org\/{rel}","templated":true}]}}