{"id":1467,"date":"2019-04-17T13:42:28","date_gmt":"2019-04-17T13:42:28","guid":{"rendered":"http:\/\/fcpolit.unr.edu.ar\/blogs\/redaccion1-reviglio\/?p=1467"},"modified":"2019-04-17T13:42:28","modified_gmt":"2019-04-17T13:42:28","slug":"resumen-de-clase-2-16-de-abril","status":"publish","type":"post","link":"https:\/\/redaccion1.fcpolit.unr.edu.ar\/comision-reviglio\/2019\/04\/17\/resumen-de-clase-2-16-de-abril\/","title":{"rendered":"Resumen de Clase 2: 16 de abril"},"content":{"rendered":"<p>La segunda clase empez\u00f3 puntual (todo lo que se puede a las 8 am), con un repaso de los TP 1 que hab\u00eda podido corregir y los comentarios sobre el proceso de algunos compa\u00f1eros. Esos comentarios fueron el insumo para avanzar en los temas de la materias: proceso de escritura (sobre lo que profundizaremos m\u00e1s adelante), pero tambi\u00e9n, las <a href=\"https:\/\/blogs-fcpolit.unr.edu.ar\/programa\/2003\/04\/05\/prosas-de-escritor-y-de-lector-daniel-cassany\/\">nociones de prosa de escritor y prosa de lector<\/a>.<!--more--><\/p>\n<p>Desde ah\u00ed, avanzamos hacia las nociones de <a href=\"https:\/\/blogs-fcpolit.unr.edu.ar\/programa\/2003\/04\/04\/aprendizajes-espontaneo-y-comprometido-t-base-2\/\">aprendizaje espont\u00e1neo y aprendizaje comprometido<\/a>, que refiere a dos modos diferentes en los que se adquiere la lengua escrita, seg\u00fan nuestro objetivo de lectura, y analizamos algunos aspectos de <a href=\"https:\/\/blogs-fcpolit.unr.edu.ar\/programa\/2003\/04\/05\/la-escritura-como-proceso-cognitivo-y-comunicativo-t-base-3\/\">la escritura como proceso cognitivo y comunicativo<\/a>.<\/p>\n<p>M\u00e1s tarde, hicimos un ejercicio de lectura de escritor a partir del texto literario <a href=\"https:\/\/blogs-fcpolit.unr.edu.ar\/programa\/2008\/07\/18\/tema-para-un-tapiz-julio-cortazar\/\">Tema para un tapiz<\/a> del escritor argentino Julio Cort\u00e1zar que sirvi\u00f3 como entrenamiento para la realizaci\u00f3n del <a href=\"https:\/\/blogs-fcpolit.unr.edu.ar\/redaccion1-reviglio\/2019\/04\/16\/trabajo-practico-n-2-leer-noticias-como-un-escritor\/\">TP 2<\/a>. Asimismo, propusimos que, para la pr\u00f3xima clase -que es posible que sea reci\u00e9n el martes 7 de mayo: el 23\/4 no hay clases por receso por examen y el 30 hay previsto un paro de CTA- trabajemos a partir de comparar la cobertura que un medio local y un medio nacional le dan a un hecho ocurrido en Rosario. Para ello, cada uno debe leer la noticia de un hecho ocurrido en Rosario y cubierto tambi\u00e9n por un medio nacional y encontrar diferencias en el tratamiento. A la clase, cada uno debe llevar sus notas para poner en com\u00fan y empezar a analizar c\u00f3mo cada medio escribe para un lector diferente.<\/p>\n<p>Dado que no tendremos clases por una o dos semanas, les dejo aqu\u00ed dos consignas de trabajos pr\u00e1cticos: <a href=\"https:\/\/blogs-fcpolit.unr.edu.ar\/redaccion1-reviglio\/2019\/04\/16\/trabajo-practico-n3-escritores\/\">TP 3: Escritores<\/a> y <a href=\"https:\/\/blogs-fcpolit.unr.edu.ar\/redaccion1-reviglio\/2019\/04\/16\/trabajo-practico-n-4-la-escritura-como-proceso-nueva-version\/\">TP 4: La escritura como proceso. Nueva versi\u00f3n<\/a>.<\/p>\n<p>La pr\u00f3xima clase trabajaremos con la siguiente bibliograf\u00eda:<br \/>\nTexto base 4: <a href=\"https:\/\/blogs-fcpolit.unr.edu.ar\/programa\/2003\/04\/05\/un-modelo-teorico-para-entender-el-mundo-del-escritor-t-base-4\/\">Un modelo te\u00f3rico para entender el mundo del escritor<\/a>; <a href=\"https:\/\/blogs-fcpolit.unr.edu.ar\/programa\/2003\/04\/05\/memorias-a-largo-plazo-y-a-corto-plazo-teun-van-dijk\/\">Memoria a corto plazo y a largo plazo<\/a> (Van Dijk); <a href=\"https:\/\/blogs-fcpolit.unr.edu.ar\/programa\/2003\/04\/05\/la-complejidad-de-la-memoria-mabel-marro-y-amalia-dellamea\/\">La complejidad de la memoria<\/a> (Marro y Dellamea) y <a href=\"https:\/\/blogs-fcpolit.unr.edu.ar\/programa\/2016\/03\/28\/reformulacion-de-un-modelo\/\">Reformulaci\u00f3n del modelo de escritura<\/a> (Hayes).<\/p>\n<p>Texto base 5: <a href=\"https:\/\/blogs-fcpolit.unr.edu.ar\/programa\/2003\/04\/05\/importancia-de-la-etapa-de-planificacion-de-la-escritura-t-base-5\/\">Importancia de la planificaci\u00f3n en la escritura<\/a> y Texto base 6: <a href=\"https:\/\/blogs-fcpolit.unr.edu.ar\/programa\/2003\/05\/04\/los-borradores-testigos-de-la-recursividad-del-proceso-de-escritura-t-base-6\/\">Los borradores, testigos de la recursividad del proceso de escritura<\/a>.<\/p>\n<p>Es muy importante que puedan leer y analizar bien el ejemplo que se presenta en el texto base 5 porque durante la clase, trataremos de replicar en grupos ese proceso para planificar un texto sobre otro tema.<\/p>\n<p>Como siempre, el grupo de facebook y el correo electr\u00f3nico quedan abiertos para dudas, consultas, comentarios.<\/p>\n","protected":false},"excerpt":{"rendered":"<p>La segunda clase empez\u00f3 puntual (todo lo que se puede a las 8 am), con un repaso de los TP 1 que hab\u00eda podido corregir y los comentarios sobre el proceso de algunos compa\u00f1eros. Esos comentarios fueron el insumo para avanzar en los temas de la materias: proceso de escritura (sobre lo que profundizaremos m\u00e1s [&hellip;]<\/p>\n","protected":false},"author":17,"featured_media":0,"comment_status":"open","ping_status":"open","sticky":false,"template":"","format":"standard","meta":{"footnotes":""},"categories":[6,18,32],"tags":[],"_links":{"self":[{"href":"https:\/\/redaccion1.fcpolit.unr.edu.ar\/comision-reviglio\/wp-json\/wp\/v2\/posts\/1467"}],"collection":[{"href":"https:\/\/redaccion1.fcpolit.unr.edu.ar\/comision-reviglio\/wp-json\/wp\/v2\/posts"}],"about":[{"href":"https:\/\/redaccion1.fcpolit.unr.edu.ar\/comision-reviglio\/wp-json\/wp\/v2\/types\/post"}],"author":[{"embeddable":true,"href":"https:\/\/redaccion1.fcpolit.unr.edu.ar\/comision-reviglio\/wp-json\/wp\/v2\/users\/17"}],"replies":[{"embeddable":true,"href":"https:\/\/redaccion1.fcpolit.unr.edu.ar\/comision-reviglio\/wp-json\/wp\/v2\/comments?post=1467"}],"version-history":[{"count":0,"href":"https:\/\/redaccion1.fcpolit.unr.edu.ar\/comision-reviglio\/wp-json\/wp\/v2\/posts\/1467\/revisions"}],"wp:attachment":[{"href":"https:\/\/redaccion1.fcpolit.unr.edu.ar\/comision-reviglio\/wp-json\/wp\/v2\/media?parent=1467"}],"wp:term":[{"taxonomy":"category","embeddable":true,"href":"https:\/\/redaccion1.fcpolit.unr.edu.ar\/comision-reviglio\/wp-json\/wp\/v2\/categories?post=1467"},{"taxonomy":"post_tag","embeddable":true,"href":"https:\/\/redaccion1.fcpolit.unr.edu.ar\/comision-reviglio\/wp-json\/wp\/v2\/tags?post=1467"}],"curies":[{"name":"wp","href":"https:\/\/api.w.org\/{rel}","templated":true}]}}