{"id":1451,"date":"2019-04-09T16:37:34","date_gmt":"2019-04-09T16:37:34","guid":{"rendered":"http:\/\/fcpolit.unr.edu.ar\/blogs\/redaccion1-reviglio\/?p=1451"},"modified":"2019-04-09T16:37:34","modified_gmt":"2019-04-09T16:37:34","slug":"resumen-de-clase-1-9-de-abril","status":"publish","type":"post","link":"https:\/\/redaccion1.fcpolit.unr.edu.ar\/comision-reviglio\/2019\/04\/09\/resumen-de-clase-1-9-de-abril\/","title":{"rendered":"Resumen de Clase 1: 9 de abril"},"content":{"rendered":"<p>Finalmente, hoy empezamos la clase de redacci\u00f3n 1 de la comisi\u00f3n 3. Tempranito a las 8 am con algunos estudiantes y otros que fueron llegando durante largo rato, empezamos a transitar lo que ser\u00e1 un a\u00f1o de trabajo, entre mate y mate, palabra y palabra.<!--more--><\/p>\n<p>Presentamos la c\u00e1tedra, el programa, contamos c\u00f3mo se trabaja, c\u00f3mo vamos a trabajar durante el a\u00f1o. Mencionamos nuestros espacios de comunicaci\u00f3n: el aula de clase, este blog, <a href=\"https:\/\/www.facebook.com\/groups\/1992983531009379\/\">el grupo de facebook<\/a> al que deben unirse, el correo electr\u00f3nico.<\/p>\n<p>Hablamos de textos y de lectores. Cada uno que quiso, cont\u00f3 de d\u00f3nde ven\u00eda, qu\u00e9 le\u00eda, por qu\u00e9 estaba ah\u00ed. Mencionamos a algunos escritores y tambi\u00e9n dijimos algunas cosas sobre la tarea de escribir, sobre el lenguaje, sobre que somos seres de lenguaje. Surgieron temas que vamos a trabajar m\u00e1s adelante (periodismo narrativo, diferencias entre periodismo y ficci\u00f3n) y otras que se van a desarrollar en otras materias y otros a\u00f1os de la carrera.<\/p>\n<p>Mencionamos la <strong>bibliograf\u00eda de la materia<\/strong>: diferenciamos entre textos base, textos fuente (ambos de lectura obligatoria) y textos complementarios (de lectura opcional).<\/p>\n<p>En la clase de hoy empezamos a abordar algunos temas de los puntos 1 y 2 de la unidad 1. La <strong>bibliograf\u00eda correspondiente es<\/strong>:<br \/>\n<a href=\"https:\/\/blogs-fcpolit.unr.edu.ar\/programa\/2003\/03\/31\/dimension-compleja-de-la-escritura-t-base-1\/\">Texto base 1: Dimensi\u00f3n compleja de la escritura<\/a><br \/>\nTexto fuente: <a href=\"https:\/\/blogs-fcpolit.unr.edu.ar\/programa\/2003\/03\/31\/la-escritura-actividad-compleja-daniel-cassany\/\">La escritura, actividad compleja<\/a>.<\/p>\n<p><a href=\"https:\/\/blogs-fcpolit.unr.edu.ar\/programa\/2003\/04\/04\/aprendizajes-espontaneo-y-comprometido-t-base-2\/\">Texto base 2:Aprendizajes espont\u00e1neo y comprometido<\/a><br \/>\nTexto fuente <a href=\"http:\/\/Diferencias entre oralidad y escritura\">Diferencias entre la oralidad y la escritura<\/a>;<\/p>\n<p>La clase que viene, seguiremos trabajando sobre estos puntos, en especial a partir de los textos fuente: <a href=\"https:\/\/blogs-fcpolit.unr.edu.ar\/programa\/2003\/04\/05\/leer-mucho-y-leer-bien-noe-jitrik\/\">Leer mucho y leer bien<\/a>; <a href=\"https:\/\/blogs-fcpolit.unr.edu.ar\/programa\/2003\/04\/05\/leer-como-un-escritor-daniel-cassany\/\">Leer como un escritor<\/a>; <a href=\"https:\/\/blogs-fcpolit.unr.edu.ar\/programa\/2003\/04\/05\/prosas-de-escritor-y-de-lector-daniel-cassany\/\">Prosas de escritor y de lector<\/a>; del texto base 3 <a href=\"https:\/\/blogs-fcpolit.unr.edu.ar\/programa\/2003\/04\/05\/la-escritura-como-proceso-cognitivo-y-comunicativo-t-base-3\/\">La escritura como proceso cognitivo y comunicativo<\/a> y de los textos fuente <a href=\"https:\/\/blogs-fcpolit.unr.edu.ar\/programa\/2003\/04\/05\/el-oficio-de-escribir-hans-aebli\/\">El oficio de escribir<\/a> y <a href=\"https:\/\/blogs-fcpolit.unr.edu.ar\/programa\/2003\/04\/05\/funcion-social-de-la-lengua-escrita-alicia-palacios-de-pimentel\/\">Funci\u00f3n social de la lengua escrita<\/a>.<\/p>\n<p>Tambi\u00e9n haremos un ejercicio de lectura en clase, para el que necesitaremos tener impreso o en alg\u00fan dispositivo m\u00f3vil el texto de Julio Cort\u00e1zar, <a href=\"https:\/\/blogs-fcpolit.unr.edu.ar\/programa\/2008\/07\/18\/tema-para-un-tapiz-julio-cortazar\/\">Tema para un tapiz<\/a>. Tambi\u00e9n comentaremos <a href=\"https:\/\/blogs-fcpolit.unr.edu.ar\/redaccion1-reviglio\/2019\/04\/07\/completo-el-magistral-discurso-de-maria-teresa-andruetto-para-el-cierre-del-congreso-de-la-lengua\/\">el texto de Mar\u00eda Teresa Andruetto publicado aqu\u00ed<\/a> como bienvenida.<\/p>\n<p>La <a href=\"https:\/\/blogs-fcpolit.unr.edu.ar\/redaccion1-reviglio\/2019\/04\/09\/trabajo-practico-n-1-escenas-lectoras\/\">consigna del TP 1 <\/a>ya est\u00e1 tambi\u00e9n publicada.<\/p>\n<p>Creo que esto es todo por ahora. Bienvenidos, buena suerte!<\/p>\n","protected":false},"excerpt":{"rendered":"<p>Finalmente, hoy empezamos la clase de redacci\u00f3n 1 de la comisi\u00f3n 3. Tempranito a las 8 am con algunos estudiantes y otros que fueron llegando durante largo rato, empezamos a transitar lo que ser\u00e1 un a\u00f1o de trabajo, entre mate y mate, palabra y palabra.<\/p>\n","protected":false},"author":17,"featured_media":0,"comment_status":"open","ping_status":"open","sticky":false,"template":"","format":"standard","meta":{"footnotes":""},"categories":[6,16,18,32],"tags":[],"_links":{"self":[{"href":"https:\/\/redaccion1.fcpolit.unr.edu.ar\/comision-reviglio\/wp-json\/wp\/v2\/posts\/1451"}],"collection":[{"href":"https:\/\/redaccion1.fcpolit.unr.edu.ar\/comision-reviglio\/wp-json\/wp\/v2\/posts"}],"about":[{"href":"https:\/\/redaccion1.fcpolit.unr.edu.ar\/comision-reviglio\/wp-json\/wp\/v2\/types\/post"}],"author":[{"embeddable":true,"href":"https:\/\/redaccion1.fcpolit.unr.edu.ar\/comision-reviglio\/wp-json\/wp\/v2\/users\/17"}],"replies":[{"embeddable":true,"href":"https:\/\/redaccion1.fcpolit.unr.edu.ar\/comision-reviglio\/wp-json\/wp\/v2\/comments?post=1451"}],"version-history":[{"count":0,"href":"https:\/\/redaccion1.fcpolit.unr.edu.ar\/comision-reviglio\/wp-json\/wp\/v2\/posts\/1451\/revisions"}],"wp:attachment":[{"href":"https:\/\/redaccion1.fcpolit.unr.edu.ar\/comision-reviglio\/wp-json\/wp\/v2\/media?parent=1451"}],"wp:term":[{"taxonomy":"category","embeddable":true,"href":"https:\/\/redaccion1.fcpolit.unr.edu.ar\/comision-reviglio\/wp-json\/wp\/v2\/categories?post=1451"},{"taxonomy":"post_tag","embeddable":true,"href":"https:\/\/redaccion1.fcpolit.unr.edu.ar\/comision-reviglio\/wp-json\/wp\/v2\/tags?post=1451"}],"curies":[{"name":"wp","href":"https:\/\/api.w.org\/{rel}","templated":true}]}}