{"id":144,"date":"2008-05-21T09:26:06","date_gmt":"2008-05-21T09:26:06","guid":{"rendered":"http:\/\/fcpolit.unr.edu.ar\/blogs\/redaccion1-reviglio\/2008\/05\/21\/resumen-de-la-clase-segunda-vuelta\/"},"modified":"2008-05-21T09:26:06","modified_gmt":"2008-05-21T09:26:06","slug":"resumen-de-la-clase-segunda-vuelta","status":"publish","type":"post","link":"https:\/\/redaccion1.fcpolit.unr.edu.ar\/comision-reviglio\/2008\/05\/21\/resumen-de-la-clase-segunda-vuelta\/","title":{"rendered":"Resumen de la clase: Segunda vuelta."},"content":{"rendered":"<p><img loading=\"lazy\" decoding=\"async\" alt=\"Mujeres%20enfrentadas_picasso.jpg\" src=\"http:\/\/www.bdp.org.ar\/facultad\/catedras\/comsoc\/redaccion1\/reviglio\/Mujeres%20enfrentadas_picasso.jpg\" width=\"111\" height=\"135\" \/><br \/>\n\u00a1Tarde pero seguro! Roc\u00f1io envi\u00f3 anoche tarde su resumen de la clase. Aqu\u00ed lo publico.<br \/>\n<em>por Roc\u00edo Ferrer<\/em><br \/>\nEn la tarde de ayer volvimos a trabajar sobre las Estrategias de Producci\u00f3n de un texto, y abordamos la tercera y \u00faltima de ellas: \u201cEstrategias para establecer coherencia local\u201d, basado en el Texto Base n\u00ba 12 y sus Textos Fuentes correspondientes. Con este tema llegamos al final de la Unidad 1, la cual entrar\u00e1 en su totalidad, junto con la Unidad 2, en el parcial que tendremos a mitad del mes de junio.<\/p>\n<p><!--more--><br \/>\nEn esta clase, explicamos las cuestiones dentro de la coherencia local que son entre otros: significado y referencia; marco de conocimiento; coreferencia; maneras de distribuir la informaci\u00f3n; relaci\u00f3n entre lo impl\u00edcito y lo expl\u00edcito; y procedimientos de la conexi\u00f3n. Adem\u00e1s, discutimos extendidamente sobre los conceptos de \u201cmundo posible\u201d y \u201cconocimiento del mundo\u201d, y dimos varios ejemplos de sus definiciones tomando ideas generales de autores de literatura y cuentos fant\u00e1sticos.<br \/>\nA diferencia de las anteriores clases, no tuvimos oportunidad de recibir el regalo textual, dado a que nuestra compa\u00f1era no estaba presente. No obstante, el Taller de Lectura tuvo el mismo desempe\u00f1o de siempre; discutimos las noticias m\u00e1s relevantes o sobresalientes de la semana y finalizamos la clase entregando una noticia redactada por nosotros sobre alguna de ellas.<br \/>\nLa pr\u00f3xima clase trabajaremos sobre los textos base \u201cDefinici\u00f3n y estructura\u201d y \u201cNoticia directa\u201d; y los textos fuentes \u201cEl Lead\u201d, \u201cTitulares\u201d, \u201cTitulares de noticia\u201d y \u201cPautas para la informaci\u00f3n de la noticia informativa\u201d, todos ellos pertenecientes a la unidad 8. Adem\u00e1s de ello comenzaremos a ver la Unidad 2.<\/p>\n","protected":false},"excerpt":{"rendered":"<p>\u00a1Tarde pero seguro! Roc\u00f1io envi\u00f3 anoche tarde su resumen de la clase. Aqu\u00ed lo publico. por Roc\u00edo Ferrer En la tarde de ayer volvimos a trabajar sobre las Estrategias de Producci\u00f3n de un texto, y abordamos la tercera y \u00faltima de ellas: \u201cEstrategias para establecer coherencia local\u201d, basado en el Texto Base n\u00ba 12 y [&hellip;]<\/p>\n","protected":false},"author":27,"featured_media":0,"comment_status":"open","ping_status":"closed","sticky":false,"template":"","format":"standard","meta":{"footnotes":""},"categories":[18],"tags":[],"_links":{"self":[{"href":"https:\/\/redaccion1.fcpolit.unr.edu.ar\/comision-reviglio\/wp-json\/wp\/v2\/posts\/144"}],"collection":[{"href":"https:\/\/redaccion1.fcpolit.unr.edu.ar\/comision-reviglio\/wp-json\/wp\/v2\/posts"}],"about":[{"href":"https:\/\/redaccion1.fcpolit.unr.edu.ar\/comision-reviglio\/wp-json\/wp\/v2\/types\/post"}],"author":[{"embeddable":true,"href":"https:\/\/redaccion1.fcpolit.unr.edu.ar\/comision-reviglio\/wp-json\/wp\/v2\/users\/27"}],"replies":[{"embeddable":true,"href":"https:\/\/redaccion1.fcpolit.unr.edu.ar\/comision-reviglio\/wp-json\/wp\/v2\/comments?post=144"}],"version-history":[{"count":0,"href":"https:\/\/redaccion1.fcpolit.unr.edu.ar\/comision-reviglio\/wp-json\/wp\/v2\/posts\/144\/revisions"}],"wp:attachment":[{"href":"https:\/\/redaccion1.fcpolit.unr.edu.ar\/comision-reviglio\/wp-json\/wp\/v2\/media?parent=144"}],"wp:term":[{"taxonomy":"category","embeddable":true,"href":"https:\/\/redaccion1.fcpolit.unr.edu.ar\/comision-reviglio\/wp-json\/wp\/v2\/categories?post=144"},{"taxonomy":"post_tag","embeddable":true,"href":"https:\/\/redaccion1.fcpolit.unr.edu.ar\/comision-reviglio\/wp-json\/wp\/v2\/tags?post=144"}],"curies":[{"name":"wp","href":"https:\/\/api.w.org\/{rel}","templated":true}]}}