{"id":141,"date":"2008-05-13T08:45:50","date_gmt":"2008-05-13T08:45:50","guid":{"rendered":"http:\/\/fcpolit.unr.edu.ar\/blogs\/redaccion1-reviglio\/2008\/05\/13\/regalo-4-con-yapa\/"},"modified":"2008-05-13T08:45:50","modified_gmt":"2008-05-13T08:45:50","slug":"regalo-4-con-yapa","status":"publish","type":"post","link":"https:\/\/redaccion1.fcpolit.unr.edu.ar\/comision-reviglio\/2008\/05\/13\/regalo-4-con-yapa\/","title":{"rendered":"Regalo 4: Con yapa"},"content":{"rendered":"<p><img loading=\"lazy\" decoding=\"async\" alt=\"reloj%20cadena.jpg\" src=\"http:\/\/www.bdp.org.ar\/facultad\/catedras\/comsoc\/redaccion1\/reviglio\/reloj%20cadena.jpg\" width=\"130\" height=\"96\" \/><br \/>\nEste regalo de <em>Luciana Boero <\/em> viene con Yapa, ya que ella eligi\u00f3 dos textos para reglarlos&#8230;<br \/>\nQue los disfruten&#8230;.<br \/>\n<em><strong>El tiempo. de Alexis<\/strong><\/em><br \/>\nEl tiempo no corre al rev\u00e9s. No tendr\u00eda sentido vivir la vida hacia un recuerdo.<br \/>\nEl tiempo no se puede volver atr\u00e1s para reforjar todo.<br \/>\nEl tiempo nos ayuda a olvidar que no hay que olvidar.<\/p>\n<p><!--more--><br \/>\nEl tiempo tiene un sentido, y un segundo despu\u00e9s no significa un segundo tarde.<br \/>\nEl tiempo corre hacia un final que no tiene. No necesita amanecer, porque tampoco tiene un principio. Somos nosotros los que lo tenemos, lo que no quiere decir que el tiempo est\u00e1 siempre mas cerca de nuestro final. Ni siquiera \u00e9l sabe cu\u00e1l es, d\u00f3nde se encuentra.<br \/>\nEl tiempo no quiere conducirnos, pero lo hace. Y est\u00e1 en constante movimiento a nuestro lado. Es por eso que algunos recuerdos nos ponen tristes, porque nuestro movimiento en el tiempo es hacia adelante, totalmente a la inversa de aquellos momentos que quedaon atr\u00e1s.<br \/>\nQuiz\u00e1s las cosas que creemos irreparables en verdad lo sean. El tiempo tal vez las arrastre con \u00e9l para hacerlas aparecer en nuestros corazones en esos momentos en los que necesitamos sentir. Y a pesar de que en ese instante tratemos de frenarlo, no podemos hacerlo.<br \/>\nPero el tiempo nos hace comprender que esas cosas irreparables nos ayudan a construir nuestro futuro. \u00c9se es el punto en el que \u00e9l no puede hacer nada. En ese momento podemos sacarle ventajas. Podemos detenernos, armar, rearmar, alabarnos, humillarnos\u2026pero el tiempo no. El tiempo s\u00f3lo puede seguir.<br \/>\nDebemos aprovecharlo porque nos marca un ritmo, es importante equilibrarnos y aprender a manejarnos dentro de \u00e9l. S\u00f3lo as\u00ed conspiraremos contra nuestros pasados\u2026<br \/>\n<em><strong>El viaje<\/strong><\/em>  de Eduardo Galeano<br \/>\n<img loading=\"lazy\" decoding=\"async\" alt=\"Galeano%20B%20y%20N.jpg\" src=\"http:\/\/www.bdp.org.ar\/facultad\/catedras\/comsoc\/redaccion1\/reviglio\/Galeano%20B%20y%20N.jpg\" width=\"138\" height=\"150\" \/><br \/>\nOriol Vall, que se ocupa de los reci\u00e9n nacidos en un hospital de barcelona, dice que el primer gesto humano es el abrazo. Despu\u00e9s de salir al mundo, al principio de sus d\u00edas, los beb\u00e9s manotean, como buscando a alguien.<br \/>\nOtros m\u00e9dicos, que se ocupan de los ya vividos, dicen que los viejos, al fin de sus d\u00edas, mueren queriendo alzar los brazos.<br \/>\nY as\u00ed es la cosa, por muchas vueltas que le demos al asunto, y por muchas palabras que le pongamos. A eso, as\u00ed de simple, se reduce todo: entre dos aleteos, sin m\u00e1s explicaci\u00f3n, transcurre el viaje.<br \/>\n<em>Publicado en &#8220;Bocas del tiempo&#8221; . Argentina. Editoral Cat\u00e1logos. A\u00f1o 2004<\/em><\/p>\n","protected":false},"excerpt":{"rendered":"<p>Este regalo de Luciana Boero viene con Yapa, ya que ella eligi\u00f3 dos textos para reglarlos&#8230; Que los disfruten&#8230;. El tiempo. de Alexis El tiempo no corre al rev\u00e9s. No tendr\u00eda sentido vivir la vida hacia un recuerdo. El tiempo no se puede volver atr\u00e1s para reforjar todo. El tiempo nos ayuda a olvidar que [&hellip;]<\/p>\n","protected":false},"author":27,"featured_media":0,"comment_status":"open","ping_status":"closed","sticky":false,"template":"","format":"standard","meta":{"footnotes":""},"categories":[29],"tags":[],"_links":{"self":[{"href":"https:\/\/redaccion1.fcpolit.unr.edu.ar\/comision-reviglio\/wp-json\/wp\/v2\/posts\/141"}],"collection":[{"href":"https:\/\/redaccion1.fcpolit.unr.edu.ar\/comision-reviglio\/wp-json\/wp\/v2\/posts"}],"about":[{"href":"https:\/\/redaccion1.fcpolit.unr.edu.ar\/comision-reviglio\/wp-json\/wp\/v2\/types\/post"}],"author":[{"embeddable":true,"href":"https:\/\/redaccion1.fcpolit.unr.edu.ar\/comision-reviglio\/wp-json\/wp\/v2\/users\/27"}],"replies":[{"embeddable":true,"href":"https:\/\/redaccion1.fcpolit.unr.edu.ar\/comision-reviglio\/wp-json\/wp\/v2\/comments?post=141"}],"version-history":[{"count":0,"href":"https:\/\/redaccion1.fcpolit.unr.edu.ar\/comision-reviglio\/wp-json\/wp\/v2\/posts\/141\/revisions"}],"wp:attachment":[{"href":"https:\/\/redaccion1.fcpolit.unr.edu.ar\/comision-reviglio\/wp-json\/wp\/v2\/media?parent=141"}],"wp:term":[{"taxonomy":"category","embeddable":true,"href":"https:\/\/redaccion1.fcpolit.unr.edu.ar\/comision-reviglio\/wp-json\/wp\/v2\/categories?post=141"},{"taxonomy":"post_tag","embeddable":true,"href":"https:\/\/redaccion1.fcpolit.unr.edu.ar\/comision-reviglio\/wp-json\/wp\/v2\/tags?post=141"}],"curies":[{"name":"wp","href":"https:\/\/api.w.org\/{rel}","templated":true}]}}