{"id":1406,"date":"2018-10-05T11:24:54","date_gmt":"2018-10-05T11:24:54","guid":{"rendered":"http:\/\/fcpolit.unr.edu.ar\/blogs\/redaccion1-reviglio\/?p=1406"},"modified":"2018-10-05T11:24:54","modified_gmt":"2018-10-05T11:24:54","slug":"resumen-de-la-clase-del-2-de-octubre","status":"publish","type":"post","link":"https:\/\/redaccion1.fcpolit.unr.edu.ar\/comision-reviglio\/2018\/10\/05\/resumen-de-la-clase-del-2-de-octubre\/","title":{"rendered":"Resumen de la clase del 2 de octubre"},"content":{"rendered":"<p><em>Por Juli\u00e1n Favre<\/em><\/p>\n<p>Con la vuelta del fr\u00edo a\u00fan en primavera, nos encontramos nuevamente para desarrollar los \u00faltimos contenidos que van entrar en el segundo parcial del a\u00f1o. <!--more--><\/p>\n<p>Empezamos retomando la <a href=\"https:\/\/blogs-fcpolit.unr.edu.ar\/programa\/category\/unidad-v\/\">Unidad 5<\/a>, precisamente el tema de la <a href=\"https:\/\/blogs-fcpolit.unr.edu.ar\/programa\/2008\/03\/29\/la-entrevista-como-herramienta-de-recoleccion-de-datos\/\">entrevista como herramienta de recolecci\u00f3n de datos<\/a> que, m\u00e1s all\u00e1 de su funcionamiento de tipo conversacional, se diferencia de una conversaci\u00f3n com\u00fan por las reglas b\u00e1sicas que la rigen. Hablamos de los distintos roles, del entrevistador y entrevistado, del pacto impl\u00edcito que se acepta al otorgar una entrevista, pusimos \u00e9nfasis en el objetivo que se persigue, y distinguimos los posibles tipos de entrevistas.<br \/>\nPero nos detuvimos principalmente en la entrevista period\u00edstica, bas\u00e1ndonos en el <a href=\"https:\/\/blogs-fcpolit.unr.edu.ar\/programa\/2008\/03\/29\/la-entrevista-periodistica-jorge-halperin\/\">texto de Jorge Halper\u00edn<\/a>, y empezaron a darse algunos debates interesantes respecto a la \u00e9tica period\u00edstica y a la posibilidad de publicaci\u00f3n (o no) en ciertos casos. Pero adem\u00e1s, destacamos la importancia el momento previo y la planificaci\u00f3n, y consideramos las estrategias claves citando algunos ejemplos.<br \/>\nLuego, le\u00edmos <a href=\"https:\/\/blogs-fcpolit.unr.edu.ar\/programa\/2016\/07\/03\/gisel-patroni-despues-de-la-tragedia-en-rosario-que-las-personas-vivan-intensamente-y-disfruten-de-cada-minuto\/\">una entrevista que Juan Mascardi realiz\u00f3 v\u00eda Facebook a una sobreviviente de la explosi\u00f3n de calle Salta al 2100<\/a>, que tambi\u00e9n desat\u00f3 un debate acerca de la labor period\u00edstica por el hecho de conservar las respuestas textuales de la entrevistada. Y tambi\u00e9n compartimos una <a href=\"https:\/\/www.excelsior.com.mx\/expresiones\/2016\/08\/28\/1113572\">entrevista a Mart\u00edn Caparr\u00f3s<\/a> de hace algunos a\u00f1os, como ejemplo de formato indirecto en este tipo de textos.<br \/>\nPor \u00faltimo, despejamos algunas dudas de la <a href=\"https:\/\/blogs-fcpolit.unr.edu.ar\/programa\/category\/unidad-iii\/\">Unidad 3<\/a>, y analizamos una <a href=\"https:\/\/www.lacapital.com.ar\/la-ciudad\/el-choque-un-colectivo-una-ciclista-no-pudo-ser-filmado-n1681493.html\">noticia del diario La Capital<\/a>. Vimos su estructura, el modo en que vincula la informaci\u00f3n vieja con la informaci\u00f3n nueva, y los recursos a utilizar para que el texto fluya.<\/p>\n<p><strong>Recordatorio: La semana que viene se tomar\u00e1 el segundo parcial a las 8:45, donde entrar\u00e1n las unidades 2, 3 y 5.<\/strong> Las consignas ser\u00e1n te\u00f3ricas y pr\u00e1cticas.<\/p>\n","protected":false},"excerpt":{"rendered":"<p>Por Juli\u00e1n Favre Con la vuelta del fr\u00edo a\u00fan en primavera, nos encontramos nuevamente para desarrollar los \u00faltimos contenidos que van entrar en el segundo parcial del a\u00f1o.<\/p>\n","protected":false},"author":17,"featured_media":0,"comment_status":"open","ping_status":"open","sticky":false,"template":"","format":"standard","meta":{"footnotes":""},"categories":[15,18],"tags":[],"_links":{"self":[{"href":"https:\/\/redaccion1.fcpolit.unr.edu.ar\/comision-reviglio\/wp-json\/wp\/v2\/posts\/1406"}],"collection":[{"href":"https:\/\/redaccion1.fcpolit.unr.edu.ar\/comision-reviglio\/wp-json\/wp\/v2\/posts"}],"about":[{"href":"https:\/\/redaccion1.fcpolit.unr.edu.ar\/comision-reviglio\/wp-json\/wp\/v2\/types\/post"}],"author":[{"embeddable":true,"href":"https:\/\/redaccion1.fcpolit.unr.edu.ar\/comision-reviglio\/wp-json\/wp\/v2\/users\/17"}],"replies":[{"embeddable":true,"href":"https:\/\/redaccion1.fcpolit.unr.edu.ar\/comision-reviglio\/wp-json\/wp\/v2\/comments?post=1406"}],"version-history":[{"count":0,"href":"https:\/\/redaccion1.fcpolit.unr.edu.ar\/comision-reviglio\/wp-json\/wp\/v2\/posts\/1406\/revisions"}],"wp:attachment":[{"href":"https:\/\/redaccion1.fcpolit.unr.edu.ar\/comision-reviglio\/wp-json\/wp\/v2\/media?parent=1406"}],"wp:term":[{"taxonomy":"category","embeddable":true,"href":"https:\/\/redaccion1.fcpolit.unr.edu.ar\/comision-reviglio\/wp-json\/wp\/v2\/categories?post=1406"},{"taxonomy":"post_tag","embeddable":true,"href":"https:\/\/redaccion1.fcpolit.unr.edu.ar\/comision-reviglio\/wp-json\/wp\/v2\/tags?post=1406"}],"curies":[{"name":"wp","href":"https:\/\/api.w.org\/{rel}","templated":true}]}}