{"id":1386,"date":"2018-07-02T19:43:08","date_gmt":"2018-07-02T19:43:08","guid":{"rendered":"http:\/\/fcpolit.unr.edu.ar\/blogs\/redaccion1-reviglio\/?p=1386"},"modified":"2018-07-02T19:43:08","modified_gmt":"2018-07-02T19:43:08","slug":"trabajo-practico-n-9-notas-recobradas","status":"publish","type":"post","link":"https:\/\/redaccion1.fcpolit.unr.edu.ar\/comision-reviglio\/2018\/07\/02\/trabajo-practico-n-9-notas-recobradas\/","title":{"rendered":"Trabajo Pr\u00e1ctico N\u00b0 9: Notas recobradas"},"content":{"rendered":"<p>Este trabajo es una continuaci\u00f3n del Trabajo pr\u00e1ctico <a href=\"https:\/\/blogs-fcpolit.unr.edu.ar\/redaccion1-reviglio\/2018\/05\/21\/trabajo-practico-n-7-notas-y-actos-de-habla-para-un-texto-futuro\/\">Notas y actos de habla para un texto futuro<\/a>.<br \/>\n<!--more--><\/p>\n<p><strong>Objetivos:<\/strong><br \/>\n-Que el estudiante pueda recuperar notas y borradores antiguos para realizar una versi\u00f3n diferente y mejorada de un texto propio.<br \/>\n-Que el estudiante ponga en pr\u00e1ctica tanto el <a href=\"https:\/\/blogs-fcpolit.unr.edu.ar\/programa\/2008\/03\/11\/reordenamientos-mabel-marro-y-amalia-dellamea\/\">reordenamiento cognitivo<\/a> como la <a href=\"https:\/\/blogs-fcpolit.unr.edu.ar\/programa\/2008\/03\/11\/concepto-y-estructura-de-la-noticia-mar-de-fontcuberta\/\">estructura de la noticia<\/a> para la redacci\u00f3n de un texto con material propio.<br \/>\n-Que el estudiante pueda valorar la informaci\u00f3n recogida para la <a href=\"https:\/\/blogs-fcpolit.unr.edu.ar\/programa\/2008\/03\/11\/el-lid-la-entrada-de-la-noticia-vicente-lenero-y-carlos-marin\/\">construcci\u00f3n de un lead<\/a>.<\/p>\n<p><strong>Consignas<\/strong><br \/>\n1) Recuperar las notas tomadas en el TP <a href=\"https:\/\/blogs-fcpolit.unr.edu.ar\/redaccion1-reviglio\/2018\/05\/21\/trabajo-practico-n-7-notas-y-actos-de-habla-para-un-texto-futuro\/\">Notas y actos de habla para un texto futuro<\/a> y revisarlas. Si es necesario, cotejarlas con las de otro compa\u00f1ero que haya asistido a la misma mesa y completarla.<br \/>\n2) Aplicarle a esas notas, los conceptos sobre <a href=\"https:\/\/blogs-fcpolit.unr.edu.ar\/programa\/category\/unidad-viii\/textos-fuente-u8\/\">estructura de la noticia<\/a> trabajados en clase para redactar una noticia. Pueden usar como base el texto redactado para el TP 7, tomando en consideraci\u00f3n las notas y los comentarios realizados por la docente en la evaluaci\u00f3n. Incluir obligatoriamente al menos dos fragmentos con citas textuales en estilo directo.<br \/>\n3) Titular.<\/p>\n<p>Extensi\u00f3n: entre cinco y siete p\u00e1rrafos de entre cinco y diez l\u00edneas cada uno.<\/p>\n<p><strong>Aclaraci\u00f3n: Los estudiantes que hayan aprobado el TP 7 con 9 o m\u00e1s nota, pueden ensayar un texto nuevo, sin tener en consideraci\u00f3n el anterior.<\/strong><\/p>\n<p><strong>Fecha de entrega<\/strong>: lunes 26 de julio, en archivo de word adjunto por correo electr\u00f3nico a la direcci\u00f3n ceciliareviglio@hotmail.com<\/p>\n","protected":false},"excerpt":{"rendered":"<p>Este trabajo es una continuaci\u00f3n del Trabajo pr\u00e1ctico Notas y actos de habla para un texto futuro.<\/p>\n","protected":false},"author":17,"featured_media":0,"comment_status":"open","ping_status":"open","sticky":false,"template":"","format":"standard","meta":{"footnotes":""},"categories":[5,45],"tags":[],"_links":{"self":[{"href":"https:\/\/redaccion1.fcpolit.unr.edu.ar\/comision-reviglio\/wp-json\/wp\/v2\/posts\/1386"}],"collection":[{"href":"https:\/\/redaccion1.fcpolit.unr.edu.ar\/comision-reviglio\/wp-json\/wp\/v2\/posts"}],"about":[{"href":"https:\/\/redaccion1.fcpolit.unr.edu.ar\/comision-reviglio\/wp-json\/wp\/v2\/types\/post"}],"author":[{"embeddable":true,"href":"https:\/\/redaccion1.fcpolit.unr.edu.ar\/comision-reviglio\/wp-json\/wp\/v2\/users\/17"}],"replies":[{"embeddable":true,"href":"https:\/\/redaccion1.fcpolit.unr.edu.ar\/comision-reviglio\/wp-json\/wp\/v2\/comments?post=1386"}],"version-history":[{"count":0,"href":"https:\/\/redaccion1.fcpolit.unr.edu.ar\/comision-reviglio\/wp-json\/wp\/v2\/posts\/1386\/revisions"}],"wp:attachment":[{"href":"https:\/\/redaccion1.fcpolit.unr.edu.ar\/comision-reviglio\/wp-json\/wp\/v2\/media?parent=1386"}],"wp:term":[{"taxonomy":"category","embeddable":true,"href":"https:\/\/redaccion1.fcpolit.unr.edu.ar\/comision-reviglio\/wp-json\/wp\/v2\/categories?post=1386"},{"taxonomy":"post_tag","embeddable":true,"href":"https:\/\/redaccion1.fcpolit.unr.edu.ar\/comision-reviglio\/wp-json\/wp\/v2\/tags?post=1386"}],"curies":[{"name":"wp","href":"https:\/\/api.w.org\/{rel}","templated":true}]}}